{"id":1379,"date":"2016-06-02T14:15:53","date_gmt":"2016-06-02T12:15:53","guid":{"rendered":"https:\/\/www.vfdb.org\/aktuell\/?p=1379"},"modified":"2016-06-04T13:25:01","modified_gmt":"2016-06-04T11:25:01","slug":"neues-von-der-bnetza-tkgemv-beitrag-fuer-2012-2014-festgelegt","status":"publish","type":"post","link":"https:\/\/www.vfdb.org\/aktuell\/neues-von-der-bnetza-tkgemv-beitrag-fuer-2012-2014-festgelegt\/","title":{"rendered":"Neues von der BNetzA &#8211; TKG+EMV Beitrag f\u00fcr 2012-2014 festgelegt"},"content":{"rendered":"<p>Am 31. Mai ist im Bundesgesetzblatt die Achte Verordnung zur \u00c4nderung der <a href=\"http:\/\/www.bundesnetzagentur.de\/DE\/Sachgebiete\/Telekommunikation\/Unternehmen_Institutionen\/Frequenzen\/Grundlagen\/GebuehrenundBeitraege\/gebuehrenundbeitraege-node.html\">Frequenzschutzbeitragsverordnung<\/a> erschienen. Darin hat die <a href=\"http:\/\/www.bundesnetzagentur.de\/DE\/\">Bundesnetzagentur<\/a> u.a. die H\u00f6he der Frequenznutzungs- und EMV-Beitr\u00e4ge f\u00fcr den Amateurfunkdienst in Deutschland f\u00fcr die Jahre 2012 bis 2014 festgelegt.<\/p>\n<p>F\u00fcr das Jahr 2012 handelt es sich um 23,73 \u20ac, bestehend aus 3,04 \u20ac TKG- und 20,69 \u20ac EMV-Beitrag, f\u00fcr das Jahr 2013 um 32,47 \u20ac, bestehend aus 11,44 \u20ac TKG- und 21,03 \u20ac EMV-Beitrag und f\u00fcr das Jahr 2014 um 32,37 \u20ac, bestehend aus 8,85 \u20ac TKG- und 23,52 \u20ac EMV-Beitrag \u2013 <span style=\"color: #0000ff; text-decoration: underline;\">zusammengerechnet 88,57 \u20ac. <\/span>Ein Vergleich mit den Vorjahren zeigt, dass die Beitr\u00e4ge nach TKG im Bereich von 3 bis nun 11 \u20ac schwanken, der Beitrag nach EMV ist weitgehend stabil um 22 \u20ac. Es ist davon auszugehen, dass die Beh\u00f6rde in der n\u00e4chsten Zeit entsprechende Beitragsbescheide an die Funkamateure versendet.<\/p>\n<p>Die Beitragsforderungen m\u00fcssen nat\u00fcrlich erst nach Aufforderung entrichtet werden.<\/p>\n<p>Quelle RTA und BNetza<\/p>\n","protected":false},"excerpt":{"rendered":"<p>Am 31. Mai ist im Bundesgesetzblatt die Achte Verordnung zur \u00c4nderung der Frequenzschutzbeitragsverordnung erschienen. Darin hat die Bundesnetzagentur u.a. die H\u00f6he der Frequenznutzungs- und EMV-Beitr\u00e4ge f\u00fcr den Amateurfunkdienst in Deutschland f\u00fcr die Jahre 2012 bis 2014 festgelegt. F\u00fcr das Jahr 2012 handelt es sich um 23,73 \u20ac, bestehend aus 3,04 \u20ac TKG- und 20,69 \u20ac&hellip; <a href=\"https:\/\/www.vfdb.org\/aktuell\/neues-von-der-bnetza-tkgemv-beitrag-fuer-2012-2014-festgelegt\/\">Weiterlesen <span class=\"meta-nav\">&rarr;<\/span><\/a><\/p>\n","protected":false},"author":3,"featured_media":0,"comment_status":"closed","ping_status":"closed","sticky":false,"template":"","format":"standard","meta":{"footnotes":""},"categories":[1],"tags":[37,44],"class_list":["post-1379","post","type-post","status-publish","format-standard","hentry","category-qtc","tag-bnetza","tag-rta"],"_links":{"self":[{"href":"https:\/\/www.vfdb.org\/aktuell\/wp-json\/wp\/v2\/posts\/1379","targetHints":{"allow":["GET"]}}],"collection":[{"href":"https:\/\/www.vfdb.org\/aktuell\/wp-json\/wp\/v2\/posts"}],"about":[{"href":"https:\/\/www.vfdb.org\/aktuell\/wp-json\/wp\/v2\/types\/post"}],"author":[{"embeddable":true,"href":"https:\/\/www.vfdb.org\/aktuell\/wp-json\/wp\/v2\/users\/3"}],"replies":[{"embeddable":true,"href":"https:\/\/www.vfdb.org\/aktuell\/wp-json\/wp\/v2\/comments?post=1379"}],"version-history":[{"count":3,"href":"https:\/\/www.vfdb.org\/aktuell\/wp-json\/wp\/v2\/posts\/1379\/revisions"}],"predecessor-version":[{"id":1382,"href":"https:\/\/www.vfdb.org\/aktuell\/wp-json\/wp\/v2\/posts\/1379\/revisions\/1382"}],"wp:attachment":[{"href":"https:\/\/www.vfdb.org\/aktuell\/wp-json\/wp\/v2\/media?parent=1379"}],"wp:term":[{"taxonomy":"category","embeddable":true,"href":"https:\/\/www.vfdb.org\/aktuell\/wp-json\/wp\/v2\/categories?post=1379"},{"taxonomy":"post_tag","embeddable":true,"href":"https:\/\/www.vfdb.org\/aktuell\/wp-json\/wp\/v2\/tags?post=1379"}],"curies":[{"name":"wp","href":"https:\/\/api.w.org\/{rel}","templated":true}]}}