{"id":1436,"date":"2016-06-29T19:09:11","date_gmt":"2016-06-29T17:09:11","guid":{"rendered":"https:\/\/www.vfdb.org\/aktuell\/?p=1436"},"modified":"2016-07-24T19:47:57","modified_gmt":"2016-07-24T17:47:57","slug":"db0jk-wieder-qrv-auch-mit-jt4","status":"publish","type":"post","link":"https:\/\/www.vfdb.org\/aktuell\/db0jk-wieder-qrv-auch-mit-jt4\/","title":{"rendered":"DB\u00d8JK wieder QRV, auch mit \u201eJT4\u201c"},"content":{"rendered":"<p>Die K\u00f6lner Bake <a href=\"http:\/\/z12.vfdb.org\/bake-db0jk\/beschreibung\/\">DB\u00d8JK<\/a> ist wieder auf Sendung.<br \/>\nZu h\u00f6ren auf den folgenden Frequenzen:<\/p>\n<ul>\n<li>1296.865 MHz<\/li>\n<li>10368.865 MHz<\/li>\n<li>24048.865 MHz und<\/li>\n<li>47088.865 MHz<\/li>\n<\/ul>\n<p>Aktiv in CW und JT4G im Minutenwechsel.<br \/>\nDa noch eine externe Synchronisierung fehlt, beginnt die <a href=\"http:\/\/wiki.oevsv.at\/index.php?title=JT4\">JT4 Sendung<\/a> nicht exakt zur vollen Minute.<br \/>\nWegen der \u00dcberarbeitung der Technik waren ab dem 01.06. 2016 alle Baken Frequenzen von DB\u00d8JK abgeschaltet.<br \/>\nQuelle: DF8ME<\/p>\n","protected":false},"excerpt":{"rendered":"<p>Die K\u00f6lner Bake DB\u00d8JK ist wieder auf Sendung. Zu h\u00f6ren auf den folgenden Frequenzen: 1296.865 MHz 10368.865 MHz 24048.865 MHz und 47088.865 MHz Aktiv in CW und JT4G im Minutenwechsel. Da noch eine externe Synchronisierung fehlt, beginnt die JT4 Sendung nicht exakt zur vollen Minute. Wegen der \u00dcberarbeitung der Technik waren ab dem 01.06. 2016&hellip; <a href=\"https:\/\/www.vfdb.org\/aktuell\/db0jk-wieder-qrv-auch-mit-jt4\/\">Weiterlesen <span class=\"meta-nav\">&rarr;<\/span><\/a><\/p>\n","protected":false},"author":10,"featured_media":0,"comment_status":"closed","ping_status":"closed","sticky":false,"template":"","format":"standard","meta":{"footnotes":""},"categories":[1],"tags":[39,29,42,50],"class_list":["post-1436","post","type-post","status-publish","format-standard","hentry","category-qtc","tag-koeln","tag-ortsverband","tag-ov","tag-z12"],"_links":{"self":[{"href":"https:\/\/www.vfdb.org\/aktuell\/wp-json\/wp\/v2\/posts\/1436","targetHints":{"allow":["GET"]}}],"collection":[{"href":"https:\/\/www.vfdb.org\/aktuell\/wp-json\/wp\/v2\/posts"}],"about":[{"href":"https:\/\/www.vfdb.org\/aktuell\/wp-json\/wp\/v2\/types\/post"}],"author":[{"embeddable":true,"href":"https:\/\/www.vfdb.org\/aktuell\/wp-json\/wp\/v2\/users\/10"}],"replies":[{"embeddable":true,"href":"https:\/\/www.vfdb.org\/aktuell\/wp-json\/wp\/v2\/comments?post=1436"}],"version-history":[{"count":5,"href":"https:\/\/www.vfdb.org\/aktuell\/wp-json\/wp\/v2\/posts\/1436\/revisions"}],"predecessor-version":[{"id":1445,"href":"https:\/\/www.vfdb.org\/aktuell\/wp-json\/wp\/v2\/posts\/1436\/revisions\/1445"}],"wp:attachment":[{"href":"https:\/\/www.vfdb.org\/aktuell\/wp-json\/wp\/v2\/media?parent=1436"}],"wp:term":[{"taxonomy":"category","embeddable":true,"href":"https:\/\/www.vfdb.org\/aktuell\/wp-json\/wp\/v2\/categories?post=1436"},{"taxonomy":"post_tag","embeddable":true,"href":"https:\/\/www.vfdb.org\/aktuell\/wp-json\/wp\/v2\/tags?post=1436"}],"curies":[{"name":"wp","href":"https:\/\/api.w.org\/{rel}","templated":true}]}}