{"id":1523,"date":"2016-08-28T09:38:19","date_gmt":"2016-08-28T07:38:19","guid":{"rendered":"https:\/\/www.vfdb.org\/aktuell\/?p=1523"},"modified":"2019-12-04T14:51:10","modified_gmt":"2019-12-04T13:51:10","slug":"neuer-vorstand-beim-ov-duesseldorf-z04","status":"publish","type":"post","link":"https:\/\/www.vfdb.org\/aktuell\/neuer-vorstand-beim-ov-duesseldorf-z04\/","title":{"rendered":"Neuer Vorstand beim OV D\u00fcsseldorf, Z04"},"content":{"rendered":"<p>Der OV D\u00fcsseldorf hat am 23.08.16 einen neuen Vorstand gew\u00e4hlt. OVV wurde OM Heinz Brause, DK6JM. Zu seinem Stellvertreter w\u00e4hlte die Versammlung OM Peter Brause, DD9EN.<\/p>\n","protected":false},"excerpt":{"rendered":"<p>Der OV D\u00fcsseldorf hat am 23.08.16 einen neuen Vorstand gew\u00e4hlt. OVV wurde OM Heinz Brause, DK6JM. Zu seinem Stellvertreter w\u00e4hlte die Versammlung OM Peter Brause, DD9EN.<\/p>\n","protected":false},"author":10,"featured_media":0,"comment_status":"closed","ping_status":"closed","sticky":false,"template":"","format":"standard","meta":{"footnotes":""},"categories":[1],"tags":[17],"class_list":["post-1523","post","type-post","status-publish","format-standard","hentry","category-qtc","tag-jahreshauptversammlung"],"_links":{"self":[{"href":"https:\/\/www.vfdb.org\/aktuell\/wp-json\/wp\/v2\/posts\/1523","targetHints":{"allow":["GET"]}}],"collection":[{"href":"https:\/\/www.vfdb.org\/aktuell\/wp-json\/wp\/v2\/posts"}],"about":[{"href":"https:\/\/www.vfdb.org\/aktuell\/wp-json\/wp\/v2\/types\/post"}],"author":[{"embeddable":true,"href":"https:\/\/www.vfdb.org\/aktuell\/wp-json\/wp\/v2\/users\/10"}],"replies":[{"embeddable":true,"href":"https:\/\/www.vfdb.org\/aktuell\/wp-json\/wp\/v2\/comments?post=1523"}],"version-history":[{"count":3,"href":"https:\/\/www.vfdb.org\/aktuell\/wp-json\/wp\/v2\/posts\/1523\/revisions"}],"predecessor-version":[{"id":1534,"href":"https:\/\/www.vfdb.org\/aktuell\/wp-json\/wp\/v2\/posts\/1523\/revisions\/1534"}],"wp:attachment":[{"href":"https:\/\/www.vfdb.org\/aktuell\/wp-json\/wp\/v2\/media?parent=1523"}],"wp:term":[{"taxonomy":"category","embeddable":true,"href":"https:\/\/www.vfdb.org\/aktuell\/wp-json\/wp\/v2\/categories?post=1523"},{"taxonomy":"post_tag","embeddable":true,"href":"https:\/\/www.vfdb.org\/aktuell\/wp-json\/wp\/v2\/tags?post=1523"}],"curies":[{"name":"wp","href":"https:\/\/api.w.org\/{rel}","templated":true}]}}