{"id":1527,"date":"2016-08-28T09:40:08","date_gmt":"2016-08-28T07:40:08","guid":{"rendered":"https:\/\/www.vfdb.org\/aktuell\/?p=1527"},"modified":"2019-12-04T14:51:19","modified_gmt":"2019-12-04T13:51:19","slug":"ov-coesfeld-z60-fuehrt-jahreshauptversammlung-erstmalig-auf-den-dnat-durch","status":"publish","type":"post","link":"https:\/\/www.vfdb.org\/aktuell\/ov-coesfeld-z60-fuehrt-jahreshauptversammlung-erstmalig-auf-den-dnat-durch\/","title":{"rendered":"OV Coesfeld, Z60 f\u00fchrt JHV erstmalig auf den DNAT durch"},"content":{"rendered":"<p>In diesem Jahr fand die Jahreshauptversammlung des OV Z60 im Rahmen der Deutsch-Niederl\u00e4ndischen Amateurfunkertage (DNAT) in Bad Bentheim statt. OM Heinz Klippel, DG9KAF wurde von den Mitgliedern zum OVV gew\u00e4hlt, die Wahl zu seinem Stellvertreter fiel auf OM Dr. Volker Frey, DL9OBK. Die Anwesenden fanden die Idee gut, die Versammlung auf den DNAT durchzuf\u00fchren. Auch k\u00fcnftig, zun\u00e4chst wieder im Jahre 2017, werden die JHV von Z60 im Rahmenprogramm der DNAT ihren Platz finden.<\/p>\n","protected":false},"excerpt":{"rendered":"<p>In diesem Jahr fand die Jahreshauptversammlung des OV Z60 im Rahmen der Deutsch-Niederl\u00e4ndischen Amateurfunkertage (DNAT) in Bad Bentheim statt. OM Heinz Klippel, DG9KAF wurde von den Mitgliedern zum OVV gew\u00e4hlt, die Wahl zu seinem Stellvertreter fiel auf OM Dr. Volker Frey, DL9OBK. Die Anwesenden fanden die Idee gut, die Versammlung auf den DNAT durchzuf\u00fchren. Auch&hellip; <a href=\"https:\/\/www.vfdb.org\/aktuell\/ov-coesfeld-z60-fuehrt-jahreshauptversammlung-erstmalig-auf-den-dnat-durch\/\">Weiterlesen <span class=\"meta-nav\">&rarr;<\/span><\/a><\/p>\n","protected":false},"author":10,"featured_media":0,"comment_status":"closed","ping_status":"closed","sticky":false,"template":"","format":"standard","meta":{"footnotes":""},"categories":[1],"tags":[17],"class_list":["post-1527","post","type-post","status-publish","format-standard","hentry","category-qtc","tag-jahreshauptversammlung"],"_links":{"self":[{"href":"https:\/\/www.vfdb.org\/aktuell\/wp-json\/wp\/v2\/posts\/1527","targetHints":{"allow":["GET"]}}],"collection":[{"href":"https:\/\/www.vfdb.org\/aktuell\/wp-json\/wp\/v2\/posts"}],"about":[{"href":"https:\/\/www.vfdb.org\/aktuell\/wp-json\/wp\/v2\/types\/post"}],"author":[{"embeddable":true,"href":"https:\/\/www.vfdb.org\/aktuell\/wp-json\/wp\/v2\/users\/10"}],"replies":[{"embeddable":true,"href":"https:\/\/www.vfdb.org\/aktuell\/wp-json\/wp\/v2\/comments?post=1527"}],"version-history":[{"count":3,"href":"https:\/\/www.vfdb.org\/aktuell\/wp-json\/wp\/v2\/posts\/1527\/revisions"}],"predecessor-version":[{"id":1532,"href":"https:\/\/www.vfdb.org\/aktuell\/wp-json\/wp\/v2\/posts\/1527\/revisions\/1532"}],"wp:attachment":[{"href":"https:\/\/www.vfdb.org\/aktuell\/wp-json\/wp\/v2\/media?parent=1527"}],"wp:term":[{"taxonomy":"category","embeddable":true,"href":"https:\/\/www.vfdb.org\/aktuell\/wp-json\/wp\/v2\/categories?post=1527"},{"taxonomy":"post_tag","embeddable":true,"href":"https:\/\/www.vfdb.org\/aktuell\/wp-json\/wp\/v2\/tags?post=1527"}],"curies":[{"name":"wp","href":"https:\/\/api.w.org\/{rel}","templated":true}]}}