{"id":1559,"date":"2016-09-12T16:38:22","date_gmt":"2016-09-12T14:38:22","guid":{"rendered":"https:\/\/www.vfdb.org\/aktuell\/?p=1559"},"modified":"2016-09-12T16:38:22","modified_gmt":"2016-09-12T14:38:22","slug":"osnabrueck-z36-umzug-der-2m-relaisfrequenz","status":"publish","type":"post","link":"https:\/\/www.vfdb.org\/aktuell\/osnabrueck-z36-umzug-der-2m-relaisfrequenz\/","title":{"rendered":"Osnabr\u00fcck, Z36 &#8211; Umzug der 2m Relaisfrequenz"},"content":{"rendered":"<p>Aufgrund der Aufgabe des Standortes Osnabr\u00fcck-Schinkel, wurde die Frequenz von DB\u00d8OBK zu DB\u00d8DOS auf den D\u00f6renberg verlegt.\u00a0Der D\u00f6renberg befindet sich ca. 10 km s\u00fcdlich Osnabr\u00fcck und ist der h\u00f6chste Berg des Teutoburger Waldes in der Region.<\/p>\n<p>Das bisherige 2m FM-Relais auf 145,7125 (\u20130,6 MHz) ist nunmehr ein DMR-\/FM-Relais und hat jetzt nach dem Standortwechsel eine Antennenh\u00f6he von etwa 340 m \u00fcber NN.<\/p>\n<p>Die Relaisstation besteht aus:<br \/>\n&#8211; Hytera RD 985 Relaisfunkstelle, Betriebsarten DMR und FM, automatische Umschaltung, CTCSS 123 Hz, \u00a0ColorCode 2<br \/>\n&#8211; Kathrein Duplexer, 6 T\u00f6pfe, ca. 120 dB Sperrd\u00e4mpfung<br \/>\n&#8211; Procom CXL Rundstrahlantenne an der Nordseite des Gittermastes<br \/>\n&#8211; Banana PI mit svxlink-Platine nach DM2NT &amp; DL1HRC<\/p>\n<p>Durch den Montageort ist in Richtung S\u00fcden eine erhebliche D\u00e4mpfung des Signals vorhanden.<\/p>\n<p>Das Relais d\u00fcrfte aufgrund der bisherigen Erfahrung die Regionen\u00a0Osnabr\u00fcck,\u00a0S\u00fcdoldenburg,\u00a0Emsland,\u00a0M\u00fcnsterland und\u00a0Ostewestfalen\u00a0versorgen.<\/p>\n<p>DB\u00d8DOS \u20132m- ist an das DMRplus Netz angeschlossen, CC2. \u00a0Es ist nur der Zeitschlitz 2 vernetzt, z.Zt. kein fester Reflektor. Der gew\u00fcnschte Reflektor muss durch den Nutzer eingeschaltet werden. \u00a0Auf Zeitschlitz 1 k\u00f6nnen regionale DMR-QSO gefahren werden.<\/p>\n<p>F\u00fcr \u00fcberregionalen\/vernetzten Betrieb auf TS 1 bitte das 70cm DMR-Relais DB\u00d8DOS, 439,875 \u20139,4 MHz nutzen.<\/p>\n<p>In der Betriebsart FM wird das 2m-Relais mit einem Banana PI per svxlink mit dem Hansa-Link verbunden.<br \/>\nHierdurch sind \u00fcberregionale FM-Verbindungen f\u00fcr Mobilstationen in weiten Teilen Niedersachsens und Nordrhein-Westfalens m\u00f6glich.<\/p>\n<p>vy73<br \/>\nHans-J\u00fcrgen, DJ2QW<\/p>\n<p>&nbsp;<\/p>\n","protected":false},"excerpt":{"rendered":"<p>Aufgrund der Aufgabe des Standortes Osnabr\u00fcck-Schinkel, wurde die Frequenz von DB\u00d8OBK zu DB\u00d8DOS auf den D\u00f6renberg verlegt.\u00a0Der D\u00f6renberg befindet sich ca. 10 km s\u00fcdlich Osnabr\u00fcck und ist der h\u00f6chste Berg des Teutoburger Waldes in der Region. Das bisherige 2m FM-Relais auf 145,7125 (\u20130,6 MHz) ist nunmehr ein DMR-\/FM-Relais und hat jetzt nach dem Standortwechsel eine&hellip; <a href=\"https:\/\/www.vfdb.org\/aktuell\/osnabrueck-z36-umzug-der-2m-relaisfrequenz\/\">Weiterlesen <span class=\"meta-nav\">&rarr;<\/span><\/a><\/p>\n","protected":false},"author":9,"featured_media":0,"comment_status":"closed","ping_status":"closed","sticky":false,"template":"","format":"standard","meta":{"footnotes":""},"categories":[1],"tags":[129,47,128],"class_list":["post-1559","post","type-post","status-publish","format-standard","hentry","category-qtc","tag-osnabrueck","tag-relais","tag-z36"],"_links":{"self":[{"href":"https:\/\/www.vfdb.org\/aktuell\/wp-json\/wp\/v2\/posts\/1559","targetHints":{"allow":["GET"]}}],"collection":[{"href":"https:\/\/www.vfdb.org\/aktuell\/wp-json\/wp\/v2\/posts"}],"about":[{"href":"https:\/\/www.vfdb.org\/aktuell\/wp-json\/wp\/v2\/types\/post"}],"author":[{"embeddable":true,"href":"https:\/\/www.vfdb.org\/aktuell\/wp-json\/wp\/v2\/users\/9"}],"replies":[{"embeddable":true,"href":"https:\/\/www.vfdb.org\/aktuell\/wp-json\/wp\/v2\/comments?post=1559"}],"version-history":[{"count":6,"href":"https:\/\/www.vfdb.org\/aktuell\/wp-json\/wp\/v2\/posts\/1559\/revisions"}],"predecessor-version":[{"id":1566,"href":"https:\/\/www.vfdb.org\/aktuell\/wp-json\/wp\/v2\/posts\/1559\/revisions\/1566"}],"wp:attachment":[{"href":"https:\/\/www.vfdb.org\/aktuell\/wp-json\/wp\/v2\/media?parent=1559"}],"wp:term":[{"taxonomy":"category","embeddable":true,"href":"https:\/\/www.vfdb.org\/aktuell\/wp-json\/wp\/v2\/categories?post=1559"},{"taxonomy":"post_tag","embeddable":true,"href":"https:\/\/www.vfdb.org\/aktuell\/wp-json\/wp\/v2\/tags?post=1559"}],"curies":[{"name":"wp","href":"https:\/\/api.w.org\/{rel}","templated":true}]}}