{"id":1762,"date":"2017-03-26T12:06:58","date_gmt":"2017-03-26T10:06:58","guid":{"rendered":"https:\/\/www.vfdb.org\/aktuell\/?p=1762"},"modified":"2017-03-27T15:26:35","modified_gmt":"2017-03-27T13:26:35","slug":"neuer-bv-vorstand-niedersachsen","status":"publish","type":"post","link":"https:\/\/www.vfdb.org\/aktuell\/neuer-bv-vorstand-niedersachsen\/","title":{"rendered":"Neuer BV-Vorstand Niedersachsen"},"content":{"rendered":"<p>Am 25.03.2017 wurde auf der BV-Versammlung Niedersachsen<br \/>\nim \u201eWaldschl\u00f6\u00dfchen\u201c Daverden (\u00f6stlich von Bremen)<br \/>\nein neuer BV-Vorstand gew\u00e4hlt.<br \/>\nAxel, DG6YDY wurde Nachfolger von Klaus, DL8BDU als BVV.<br \/>\nRolf, DL2MB und J\u00fcrgen, DH2OP wurden in ihren \u00c4mtern best\u00e4tigt.<br \/>\nNeu hinzu kam Dieter, DC9AA als Besitzer im BV-Vorstand.<\/p>\n<p><img loading=\"lazy\" decoding=\"async\" class=\"thumbnail alignnone size-medium wp-image-1763\" src=\"https:\/\/www.vfdb.org\/aktuell\/wp-content\/uploads\/2017\/03\/bvvorstand-300x204.jpg\" alt=\"\" width=\"300\" height=\"204\" srcset=\"https:\/\/www.vfdb.org\/aktuell\/wp-content\/uploads\/2017\/03\/bvvorstand-300x204.jpg 300w, https:\/\/www.vfdb.org\/aktuell\/wp-content\/uploads\/2017\/03\/bvvorstand-768x523.jpg 768w, https:\/\/www.vfdb.org\/aktuell\/wp-content\/uploads\/2017\/03\/bvvorstand.jpg 1003w\" sizes=\"auto, (max-width: 300px) 100vw, 300px\" \/><\/p>\n<p>(v.l.n.r.) DC9AA, DG6YDY, DL2MB, DH2OP<\/p>\n<p>BV-Kassierer J\u00fcrgen \u00fcberreichte dem scheidenden BVV Klaus<br \/>\nzum Abschied ein gl\u00e4sernes Gebinde aus seiner Heimatstadt Einbeck.<\/p>\n<p><img loading=\"lazy\" decoding=\"async\" class=\"thumbnail alignnone size-medium wp-image-1768\" src=\"https:\/\/www.vfdb.org\/aktuell\/wp-content\/uploads\/2017\/03\/dh2op-300x295.jpg\" alt=\"\" width=\"300\" height=\"295\" srcset=\"https:\/\/www.vfdb.org\/aktuell\/wp-content\/uploads\/2017\/03\/dh2op-300x295.jpg 300w, https:\/\/www.vfdb.org\/aktuell\/wp-content\/uploads\/2017\/03\/dh2op-768x756.jpg 768w, https:\/\/www.vfdb.org\/aktuell\/wp-content\/uploads\/2017\/03\/dh2op-1024x1007.jpg 1024w\" sizes=\"auto, (max-width: 300px) 100vw, 300px\" \/><\/p>\n<p>&nbsp;<\/p>\n<p>(Bilder: DE8LBA, DL2BV)<\/p>\n","protected":false},"excerpt":{"rendered":"<p>Am 25.03.2017 wurde auf der BV-Versammlung Niedersachsen im \u201eWaldschl\u00f6\u00dfchen\u201c Daverden (\u00f6stlich von Bremen) ein neuer BV-Vorstand gew\u00e4hlt. Axel, DG6YDY wurde Nachfolger von Klaus, DL8BDU als BVV. Rolf, DL2MB und J\u00fcrgen, DH2OP wurden in ihren \u00c4mtern best\u00e4tigt. Neu hinzu kam Dieter, DC9AA als Besitzer im BV-Vorstand. (v.l.n.r.) DC9AA, DG6YDY, DL2MB, DH2OP BV-Kassierer J\u00fcrgen \u00fcberreichte dem scheidenden&hellip; <a href=\"https:\/\/www.vfdb.org\/aktuell\/neuer-bv-vorstand-niedersachsen\/\">Weiterlesen <span class=\"meta-nav\">&rarr;<\/span><\/a><\/p>\n","protected":false},"author":10,"featured_media":0,"comment_status":"closed","ping_status":"closed","sticky":false,"template":"","format":"standard","meta":{"footnotes":""},"categories":[1],"tags":[],"class_list":["post-1762","post","type-post","status-publish","format-standard","hentry","category-qtc"],"_links":{"self":[{"href":"https:\/\/www.vfdb.org\/aktuell\/wp-json\/wp\/v2\/posts\/1762","targetHints":{"allow":["GET"]}}],"collection":[{"href":"https:\/\/www.vfdb.org\/aktuell\/wp-json\/wp\/v2\/posts"}],"about":[{"href":"https:\/\/www.vfdb.org\/aktuell\/wp-json\/wp\/v2\/types\/post"}],"author":[{"embeddable":true,"href":"https:\/\/www.vfdb.org\/aktuell\/wp-json\/wp\/v2\/users\/10"}],"replies":[{"embeddable":true,"href":"https:\/\/www.vfdb.org\/aktuell\/wp-json\/wp\/v2\/comments?post=1762"}],"version-history":[{"count":4,"href":"https:\/\/www.vfdb.org\/aktuell\/wp-json\/wp\/v2\/posts\/1762\/revisions"}],"predecessor-version":[{"id":1779,"href":"https:\/\/www.vfdb.org\/aktuell\/wp-json\/wp\/v2\/posts\/1762\/revisions\/1779"}],"wp:attachment":[{"href":"https:\/\/www.vfdb.org\/aktuell\/wp-json\/wp\/v2\/media?parent=1762"}],"wp:term":[{"taxonomy":"category","embeddable":true,"href":"https:\/\/www.vfdb.org\/aktuell\/wp-json\/wp\/v2\/categories?post=1762"},{"taxonomy":"post_tag","embeddable":true,"href":"https:\/\/www.vfdb.org\/aktuell\/wp-json\/wp\/v2\/tags?post=1762"}],"curies":[{"name":"wp","href":"https:\/\/api.w.org\/{rel}","templated":true}]}}