{"id":2694,"date":"2018-08-13T07:21:37","date_gmt":"2018-08-13T05:21:37","guid":{"rendered":"https:\/\/www.vfdb.org\/aktuell\/?p=2694"},"modified":"2018-08-13T07:30:44","modified_gmt":"2018-08-13T05:30:44","slug":"stratosphaerenballon-aufstieg-in-flensburg-am-10-august-so-wars","status":"publish","type":"post","link":"https:\/\/www.vfdb.org\/aktuell\/stratosphaerenballon-aufstieg-in-flensburg-am-10-august-so-wars\/","title":{"rendered":"Stratosph\u00e4renballon-Aufstieg in Flensburg am 10. August \u2013 so war\u2019s"},"content":{"rendered":"<p>Der mit Spannung erwartete Start eines Stratosph\u00e4renballons mit Amateurfunknutzlast\u00a0 am Flugplatz Flensburg-Sch\u00e4ferhaus erfolgte am vergangenen Freitag (10.08.): Um 15 Uhr entlie\u00df Peter DB5NU den Ballon in die Freiheit. Das Projekt entstand im Rahmen eines Aktionstages des Flensburger Erlebnismuseums \u201ePh\u00e4nomenta\u201c in Zusammenarbeit mit Funkamateuren der Flensburger Ortsverb\u00e4nde M03 und Z79 (wir berichteten in der Vorwoche). Die Funkamateure bauten s\u00e4mtliche funktechnischen Komponenten f\u00fcr die Aussendungen in APRS, RTTY und LoRa und stellten sie dem Ballonprojekt zur Verf\u00fcgung. Insbesondere Tycho DO5FL vom VFDB-Ortsverband Flensburg (Z79) hatte sich bei der technischen Systemintegration sehr engagiert.<\/p>\n<p><!--more--><\/p>\n<p>Aufgrund einiger Unvorhersehbarkeiten, die au\u00dferhalb des Einflussbereiches der Funkamateure lagen, verlief der Aufstieg und die Flugroute bei Weitem anders als geplant. Da man sich offenbar bei der Helium-Bef\u00fcllung des Ballons ein wenig verrechnet hatte, verlief der Aufstieg des Ballons sehr verlangsamt \u2013 mit der Folge, dass der Ballon samt seiner Nutzlast wesentlich weiterflog als zuvor berechnet. Vermutlich durch unsachgem\u00e4\u00dfe Verpackung der von den Funkamateuren fertig montierten und funktionsf\u00e4higen Technik in dem Nutzlastbeh\u00e4lter konnten weder APRS-Baken noch die angek\u00fcndigten Kamerabilder ausgesendet werden. Der APRS-Sender auf 144,800 MHz sendete jedoch w\u00e4hrend der gesamten Flugzeit von \u00fcber sieben Stunden. Der LoRa-Sender \u00fcbertrug die GPS-Koordinaten sowie Telemetriedaten auf 434,600 MHz einwandfrei.<\/p>\n<p>Wegen des viel zu langsamen Aufstiegs legte der Ballon eine Strecke von \u00fcber 400 Kilometern zur\u00fcck. Urspr\u00fcnglich war vorgesehen, dass ein Au\u00dfenteam den Ballon per Pkw verfolgen sollte, um die Nutzlast nach dem \u201eR\u00fccksturz zur Erde\u201c wieder einzusammeln.<\/p>\n<p>Nach einem rund siebenst\u00fcndigen Flug in einer H\u00f6he von bis zu 25 km landete der Ballon westlich des V\u00e4nern-Sees in Schweden \u2013 etwa auf halber Strecke zwischen G\u00f6teborg und Oslo gelegen. Wie Hans-J\u00fcrgen DJ3LE vom Projektteam der Funkamateure berichtet, konnte dank eines mitfliegenden GSM-Trackers der genaue Landeort der Nutzlast bestimmt werden.<\/p>\n<p>Schwedische Funkamateure vor Ort, die das LoRa-Signal verfolgt hatten, haben einen Aufruf an alle Funkamateure der Region rund um den Landeort gestartet. Somit ist die Chance recht gro\u00df, dass die Nutzlast geborgen werden kann.<\/p>\n<p>Das unmodulierte 2-m-Signal auf 144,800 MHz mit nur 160 mW war w\u00e4hrend des gesamten Fluges im Raum Schleswig\/Flensburg selbst mit Handfunkger\u00e4ten gut aufzunehmen. Trotz des ungeplanten Verlaufs hat es den Funkamateuren von M03 und Z79 viel Spa\u00df gemacht und man freut sich bereits jetzt auf die Neuauflage eines Ballonstarts, der dann unter Projektleitung der Funkamateure stattfinden wird. Ein Foto vom Ballonstart findet Ihr auf nord-ostsee-rundspruch.de.<a class=\"thumbnail\" href=\"https:\/\/www.vfdb.org\/aktuell\/wp-content\/uploads\/2018\/08\/ort-Ballon-2.jpg\"><img loading=\"lazy\" decoding=\"async\" class=\"aligncenter size-medium wp-image-2695\" src=\"https:\/\/www.vfdb.org\/aktuell\/wp-content\/uploads\/2018\/08\/ort-Ballon-2-300x273.jpg\" alt=\"\" width=\"300\" height=\"273\" srcset=\"https:\/\/www.vfdb.org\/aktuell\/wp-content\/uploads\/2018\/08\/ort-Ballon-2-300x273.jpg 300w, https:\/\/www.vfdb.org\/aktuell\/wp-content\/uploads\/2018\/08\/ort-Ballon-2-768x698.jpg 768w, https:\/\/www.vfdb.org\/aktuell\/wp-content\/uploads\/2018\/08\/ort-Ballon-2-1024x931.jpg 1024w, https:\/\/www.vfdb.org\/aktuell\/wp-content\/uploads\/2018\/08\/ort-Ballon-2.jpg 1938w\" sizes=\"auto, (max-width: 300px) 100vw, 300px\" \/><\/a><\/p>\n<p>Nachtrag vom Montag:<\/p>\n<p>Der Ballon nebst Nutzlast wurde unversehrt am 12.8. gegen 17:05 Uhr geborgen! SA6AMA Niklas ist dem Aufruf gefolgt und ist mit seiner Familie mit zwei kleinen Kindern losgefahren.<br \/>\nSie haben dann den Ballon mit Hugo (der Teddy) \u00a0gefunden. Selbst unsere Rauten vom VFDB und DARC waren noch vorhanden.<br \/>\nNun wird in den n\u00e4chsten Tagen die gesamte HF-Technik wieder in DL ankommen.<\/p>\n<p><a class=\"thumbnail\" href=\"https:\/\/www.vfdb.org\/aktuell\/wp-content\/uploads\/2018\/08\/SM_2.jpg\"><img loading=\"lazy\" decoding=\"async\" class=\"size-medium wp-image-2700 alignleft\" src=\"https:\/\/www.vfdb.org\/aktuell\/wp-content\/uploads\/2018\/08\/SM_2-300x225.jpg\" alt=\"\" width=\"300\" height=\"225\" srcset=\"https:\/\/www.vfdb.org\/aktuell\/wp-content\/uploads\/2018\/08\/SM_2-300x225.jpg 300w, https:\/\/www.vfdb.org\/aktuell\/wp-content\/uploads\/2018\/08\/SM_2-768x576.jpg 768w, https:\/\/www.vfdb.org\/aktuell\/wp-content\/uploads\/2018\/08\/SM_2-1024x768.jpg 1024w, https:\/\/www.vfdb.org\/aktuell\/wp-content\/uploads\/2018\/08\/SM_2.jpg 1600w\" sizes=\"auto, (max-width: 300px) 100vw, 300px\" \/><\/a><a class=\"thumbnail\" href=\"https:\/\/www.vfdb.org\/aktuell\/wp-content\/uploads\/2018\/08\/SM_1.jpg\"><img loading=\"lazy\" decoding=\"async\" class=\"size-medium wp-image-2699 alignright\" src=\"https:\/\/www.vfdb.org\/aktuell\/wp-content\/uploads\/2018\/08\/SM_1-300x225.jpg\" alt=\"\" width=\"300\" height=\"225\" srcset=\"https:\/\/www.vfdb.org\/aktuell\/wp-content\/uploads\/2018\/08\/SM_1-300x225.jpg 300w, https:\/\/www.vfdb.org\/aktuell\/wp-content\/uploads\/2018\/08\/SM_1-768x576.jpg 768w, https:\/\/www.vfdb.org\/aktuell\/wp-content\/uploads\/2018\/08\/SM_1-1024x768.jpg 1024w, https:\/\/www.vfdb.org\/aktuell\/wp-content\/uploads\/2018\/08\/SM_1.jpg 1600w\" sizes=\"auto, (max-width: 300px) 100vw, 300px\" \/><\/a><\/p>\n","protected":false},"excerpt":{"rendered":"<p>Der mit Spannung erwartete Start eines Stratosph\u00e4renballons mit Amateurfunknutzlast\u00a0 am Flugplatz Flensburg-Sch\u00e4ferhaus erfolgte am vergangenen Freitag (10.08.): Um 15 Uhr entlie\u00df Peter DB5NU den Ballon in die Freiheit. Das Projekt entstand im Rahmen eines Aktionstages des Flensburger Erlebnismuseums \u201ePh\u00e4nomenta\u201c in Zusammenarbeit mit Funkamateuren der Flensburger Ortsverb\u00e4nde M03 und Z79 (wir berichteten in der Vorwoche). Die&hellip; <a href=\"https:\/\/www.vfdb.org\/aktuell\/stratosphaerenballon-aufstieg-in-flensburg-am-10-august-so-wars\/\">Weiterlesen <span class=\"meta-nav\">&rarr;<\/span><\/a><\/p>\n","protected":false},"author":3,"featured_media":0,"comment_status":"closed","ping_status":"closed","sticky":false,"template":"","format":"standard","meta":{"footnotes":""},"categories":[1],"tags":[70,29,42,20],"class_list":["post-2694","post","type-post","status-publish","format-standard","hentry","category-qtc","tag-bauprojekt","tag-ortsverband","tag-ov","tag-veranstaltung"],"_links":{"self":[{"href":"https:\/\/www.vfdb.org\/aktuell\/wp-json\/wp\/v2\/posts\/2694","targetHints":{"allow":["GET"]}}],"collection":[{"href":"https:\/\/www.vfdb.org\/aktuell\/wp-json\/wp\/v2\/posts"}],"about":[{"href":"https:\/\/www.vfdb.org\/aktuell\/wp-json\/wp\/v2\/types\/post"}],"author":[{"embeddable":true,"href":"https:\/\/www.vfdb.org\/aktuell\/wp-json\/wp\/v2\/users\/3"}],"replies":[{"embeddable":true,"href":"https:\/\/www.vfdb.org\/aktuell\/wp-json\/wp\/v2\/comments?post=2694"}],"version-history":[{"count":4,"href":"https:\/\/www.vfdb.org\/aktuell\/wp-json\/wp\/v2\/posts\/2694\/revisions"}],"predecessor-version":[{"id":2701,"href":"https:\/\/www.vfdb.org\/aktuell\/wp-json\/wp\/v2\/posts\/2694\/revisions\/2701"}],"wp:attachment":[{"href":"https:\/\/www.vfdb.org\/aktuell\/wp-json\/wp\/v2\/media?parent=2694"}],"wp:term":[{"taxonomy":"category","embeddable":true,"href":"https:\/\/www.vfdb.org\/aktuell\/wp-json\/wp\/v2\/categories?post=2694"},{"taxonomy":"post_tag","embeddable":true,"href":"https:\/\/www.vfdb.org\/aktuell\/wp-json\/wp\/v2\/tags?post=2694"}],"curies":[{"name":"wp","href":"https:\/\/api.w.org\/{rel}","templated":true}]}}