{"id":2763,"date":"2018-10-05T07:45:00","date_gmt":"2018-10-05T05:45:00","guid":{"rendered":"https:\/\/www.vfdb.org\/aktuell\/?p=2763"},"modified":"2019-12-04T14:49:39","modified_gmt":"2019-12-04T13:49:39","slug":"jahreshauptversammlung-beim-ov-collmberg","status":"publish","type":"post","link":"https:\/\/www.vfdb.org\/aktuell\/jahreshauptversammlung-beim-ov-collmberg\/","title":{"rendered":"Jahreshauptversammlung beim OV Collmberg"},"content":{"rendered":"<div>Am 22.09.2018 fand die Jahreshauptversammlung des OV Collmberg Z91 mit 12 Mitgliedern statt. Der OVV, Roland DL1LQR erstattete Bericht \u00fcber die Aktivit\u00e4ten im letzten Jahr, besonders positiv wurde der Feldtag in Juni auf der Liebsch\u00fctzer H\u00f6he hervorgehoben. Anschlie\u00dfend erstattete Tom DJ9ZZZ den Kassenbericht. G\u00fcnther, DK8IOF, erl\u00e4uterte anschaulich sein Mitwirken bei der technischen Organisation der Amateurfunk WM WRTC 2018 in Brandenburg und die Initiative vieler Funkamateure. Auch f\u00fcr das Leibliche Wohl war gut gesorgt, denn Ronald, DG1LQX grillte W\u00fcrstchen, dies fand wiederholt gro\u00dfen Zuspruch. So Roland selbst.<\/div>\n","protected":false},"excerpt":{"rendered":"<p>Am 22.09.2018 fand die Jahreshauptversammlung des OV Collmberg Z91 mit 12 Mitgliedern statt. Der OVV, Roland DL1LQR erstattete Bericht \u00fcber die Aktivit\u00e4ten im letzten Jahr, besonders positiv wurde der Feldtag in Juni auf der Liebsch\u00fctzer H\u00f6he hervorgehoben. Anschlie\u00dfend erstattete Tom DJ9ZZZ den Kassenbericht. G\u00fcnther, DK8IOF, erl\u00e4uterte anschaulich sein Mitwirken bei der technischen Organisation der Amateurfunk&hellip; <a href=\"https:\/\/www.vfdb.org\/aktuell\/jahreshauptversammlung-beim-ov-collmberg\/\">Weiterlesen <span class=\"meta-nav\">&rarr;<\/span><\/a><\/p>\n","protected":false},"author":9,"featured_media":0,"comment_status":"closed","ping_status":"closed","sticky":false,"template":"","format":"standard","meta":{"footnotes":""},"categories":[1],"tags":[17],"class_list":["post-2763","post","type-post","status-publish","format-standard","hentry","category-qtc","tag-jahreshauptversammlung"],"_links":{"self":[{"href":"https:\/\/www.vfdb.org\/aktuell\/wp-json\/wp\/v2\/posts\/2763","targetHints":{"allow":["GET"]}}],"collection":[{"href":"https:\/\/www.vfdb.org\/aktuell\/wp-json\/wp\/v2\/posts"}],"about":[{"href":"https:\/\/www.vfdb.org\/aktuell\/wp-json\/wp\/v2\/types\/post"}],"author":[{"embeddable":true,"href":"https:\/\/www.vfdb.org\/aktuell\/wp-json\/wp\/v2\/users\/9"}],"replies":[{"embeddable":true,"href":"https:\/\/www.vfdb.org\/aktuell\/wp-json\/wp\/v2\/comments?post=2763"}],"version-history":[{"count":1,"href":"https:\/\/www.vfdb.org\/aktuell\/wp-json\/wp\/v2\/posts\/2763\/revisions"}],"predecessor-version":[{"id":2764,"href":"https:\/\/www.vfdb.org\/aktuell\/wp-json\/wp\/v2\/posts\/2763\/revisions\/2764"}],"wp:attachment":[{"href":"https:\/\/www.vfdb.org\/aktuell\/wp-json\/wp\/v2\/media?parent=2763"}],"wp:term":[{"taxonomy":"category","embeddable":true,"href":"https:\/\/www.vfdb.org\/aktuell\/wp-json\/wp\/v2\/categories?post=2763"},{"taxonomy":"post_tag","embeddable":true,"href":"https:\/\/www.vfdb.org\/aktuell\/wp-json\/wp\/v2\/tags?post=2763"}],"curies":[{"name":"wp","href":"https:\/\/api.w.org\/{rel}","templated":true}]}}