{"id":2975,"date":"2019-01-14T10:10:24","date_gmt":"2019-01-14T09:10:24","guid":{"rendered":"https:\/\/www.vfdb.org\/aktuell\/?p=2975"},"modified":"2025-12-29T15:53:01","modified_gmt":"2025-12-29T14:53:01","slug":"weitblick-vom-14-januar-2019","status":"publish","type":"post","link":"https:\/\/www.vfdb.org\/aktuell\/weitblick-vom-14-januar-2019\/","title":{"rendered":"Weitblick vom 14. Januar 2019"},"content":{"rendered":"\n<ul class=\"wp-block-list\"><li>Auszug aus dem DX-Mitteilungsblatt:<ul><li>Ghana, &nbsp;R\u00fcttger <a href=\"https:\/\/www.qrzcq.com\/call\/DL8MEZ\">DL8MEZ<\/a> ist vom 06. bis 26. Januar als <a href=\"https:\/\/dxnews.com\/forum\/forum\/dxing\/14904-9g5rv-ghana\">9G5RV<\/a> aus <a href=\"https:\/\/de.wikipedia.org\/wiki\/Ghana\">Ghana<\/a> QRV. R\u00fcttger ist Arzt und bildet Fachkr\u00e4fte aus und unterst\u00fctzt den \u00e4rztlichen Dienst. Er versucht jeden Morgen um 09:00 UTC auf 14.332 MHz im Med-Net und um 11:00 UTC auf 14.313 MHz zur <a href=\"http:\/\/intermar-ev.org\/\">Intermar<\/a> Runde aktiv zu sein.<\/li><li>Deutschland, Noch bis zum 31. Dezember 2019 wird mit der Sonderstation <a href=\"http:\/\/www.s-44.bplaced.net\/startschuss-fuer-dm19lgs\/\">DM19LGS<\/a> die <a href=\"https:\/\/lgs-frankenberg.de\/\">8. S\u00e4chsische Landesgartenschau<\/a> in Frankenberg in Sachsen begleitet. Funkbetrieb ist auf Kurzwelle sowie UKW geplant und es wird der Sonder-DOK 19LGS vergeben; Die Stadt Friedland in Mecklenburg wurde vor 775 Jahren gegr\u00fcndet und dieses Ereignis wird im Jahr 2019 mit dem Betrieb der Sonderstation <a href=\"https:\/\/dxnews.com\/forum\/forum\/special-event-stations\/14617-dm775fld-friedland-mecklenburg-germany\">DM775FLD<\/a> auf Kurzwelle gefeiert; Noch bis zum 05. Juni ist die Sonderstation <a href=\"https:\/\/dxnews.com\/forum\/forum\/special-event-stations\/14906-dl19ric-soltau-germany-rotary-international-convention\">DL19RIC<\/a> anl\u00e4sslich der &#8222;Rotary International Convention 2019&#8220; in Hamburg auf Kurzwelle zu arbeiten; Mit den Sonderrufzeichen <a href=\"https:\/\/hamcall.net\/call\/DM70GER\">DM70GER<\/a> und <a href=\"https:\/\/hamcall.net\/call\/DL70BRD\">DL70BRD<\/a> wird bis 31. Dezember an den 70. Jahrestag des Bestehens der Bundesrepublik Deutschland erinnert. Funkbetrieb ist auf Kurzwelle in allen Modi geplant. Dazu kann ein Sonderdiplom erworben werden.<\/li><li>Japan, aus Anlass des &#8222;70. Sapporo Snow Festival&#8220; (AS-078) ist vom 10. Januar bis 11. Februar die Sonderstation <a href=\"https:\/\/dxnews.com\/forum\/forum\/special-event-stations\/14908-8n8ssf-ishikari-japan-sapporo-snow-festival\">8N8SSF<\/a> auf Kurzwelle aktiv.<\/li><\/ul><\/li><li>Wintercamp der Radiofreunde NRW. Auch dieses Jahr laden die Radiofreunde NRW wieder zum traditionellen Besuchertag w\u00e4hrend ihres Wintercamps ein, wie uns Jochim, DH4JG berichtete. Der Besuchertag findet am Samstag, den 19. Januar ab 13 Uhr im Naturfreundehaus Holzerbachtal, Eipa\u00dfstr. 25b in 42719 Solingen statt. Rundfunkfreunde, SWL, Funkamateure und Technikinteressierte treffen sich zu Gespr\u00e4ch und Austausch rund um die HF-Technik.<br \/>Kaffee und Kuchen gibt es zum Selbstkostenpreis, Parkpl\u00e4tze sind ausreichend vorhanden. Jeder ist herzlich willkommen.<\/li><li>Aus dem K\u00f6ln-Aachen Rundspruch: Befristeter Zugang zum <a href=\"https:\/\/de.wikipedia.org\/wiki\/4-Meter-Band\">4m-Band<\/a> bis Ende 2019 verl\u00e4ngert. Die Bem\u00fchungen des <a href=\"http:\/\/www.runder-tisch-amateurfunk.de\/\">Runden Tisch Amateurfunk<\/a> (<a href=\"http:\/\/www.runder-tisch-amateurfunk.de\/\">RTA<\/a>) und des DARC-Referats Frequenzmanagement mit dem Leiter Ulrich M\u00fcller, DK4VW, die Nutzungsm\u00f6glichkeiten der deutschen Funkamateure im <a href=\"https:\/\/70mhz.de\/betrieb\/\">70-MHz-Band<\/a> zu verbessern, waren erfolgreich. Quasi als Weihnachtsgeschenk steht ab sofort und befristet bis Ende 2019 das Frequenzsegment 70,150 bis 70,200 MHz zur Verf\u00fcgung. Details hierzu sind in der Mitteilung Nr. 414\/2018 vom 19. Dezember 2018 der Bundesnetzagentur zu finden.<\/li><\/ul>\n\n\n\n<p><\/p>\n","protected":false},"excerpt":{"rendered":"<p>Auszug aus dem DX-Mitteilungsblatt: Ghana, &nbsp;R\u00fcttger DL8MEZ ist vom 06. bis 26. Januar als 9G5RV aus Ghana QRV. R\u00fcttger ist Arzt und bildet Fachkr\u00e4fte aus und unterst\u00fctzt den \u00e4rztlichen Dienst. Er versucht jeden Morgen um 09:00 UTC auf 14.332 MHz im Med-Net und um 11:00 UTC auf 14.313 MHz zur Intermar Runde aktiv zu sein.&hellip; <a href=\"https:\/\/www.vfdb.org\/aktuell\/weitblick-vom-14-januar-2019\/\">Weiterlesen <span class=\"meta-nav\">&rarr;<\/span><\/a><\/p>\n","protected":false},"author":9,"featured_media":0,"comment_status":"closed","ping_status":"closed","sticky":false,"template":"","format":"standard","meta":{"footnotes":""},"categories":[1],"tags":[140],"class_list":["post-2975","post","type-post","status-publish","format-standard","hentry","category-qtc","tag-weitblick"],"_links":{"self":[{"href":"https:\/\/www.vfdb.org\/aktuell\/wp-json\/wp\/v2\/posts\/2975","targetHints":{"allow":["GET"]}}],"collection":[{"href":"https:\/\/www.vfdb.org\/aktuell\/wp-json\/wp\/v2\/posts"}],"about":[{"href":"https:\/\/www.vfdb.org\/aktuell\/wp-json\/wp\/v2\/types\/post"}],"author":[{"embeddable":true,"href":"https:\/\/www.vfdb.org\/aktuell\/wp-json\/wp\/v2\/users\/9"}],"replies":[{"embeddable":true,"href":"https:\/\/www.vfdb.org\/aktuell\/wp-json\/wp\/v2\/comments?post=2975"}],"version-history":[{"count":4,"href":"https:\/\/www.vfdb.org\/aktuell\/wp-json\/wp\/v2\/posts\/2975\/revisions"}],"predecessor-version":[{"id":2992,"href":"https:\/\/www.vfdb.org\/aktuell\/wp-json\/wp\/v2\/posts\/2975\/revisions\/2992"}],"wp:attachment":[{"href":"https:\/\/www.vfdb.org\/aktuell\/wp-json\/wp\/v2\/media?parent=2975"}],"wp:term":[{"taxonomy":"category","embeddable":true,"href":"https:\/\/www.vfdb.org\/aktuell\/wp-json\/wp\/v2\/categories?post=2975"},{"taxonomy":"post_tag","embeddable":true,"href":"https:\/\/www.vfdb.org\/aktuell\/wp-json\/wp\/v2\/tags?post=2975"}],"curies":[{"name":"wp","href":"https:\/\/api.w.org\/{rel}","templated":true}]}}