{"id":3313,"date":"2019-05-01T19:10:36","date_gmt":"2019-05-01T17:10:36","guid":{"rendered":"https:\/\/www.vfdb.org\/aktuell\/?p=3313"},"modified":"2020-12-02T09:59:37","modified_gmt":"2020-12-02T08:59:37","slug":"aus-den-bezirksverbaenden","status":"publish","type":"post","link":"https:\/\/www.vfdb.org\/aktuell\/aus-den-bezirksverbaenden\/","title":{"rendered":"Aus den Bezirksverb\u00e4nden"},"content":{"rendered":"<p>Hessen hat gew\u00e4hlt.<\/p>\n<p>Bei der Jahresversammlung des BV Hessen am 27. April 2019 gab es eine \u00c4nderung im BV Vorstand.<br \/>\nDer Bezirksverband hat einen neuen Bezirksverbandsvorsitzenden.<br \/>\nHartmut B\u00fcchling, DL3FAN l\u00f6st\u00a0Dieter Briggmann, DL6AGC im Amt des BVV ab.<\/p>\n<p>&nbsp;<\/p>\n<p>Auch Baden hatte seine BV Jahresversammlung.<\/p>\n<p>Im BV Baden wurde die F\u00fchrungsmanschaft um OM Gerhard, DB5GG f\u00fcr weitere 2 Jahre im Amt best\u00e4tigt.<br \/>\nDie BV Jahresversammlung fand bereits am 21. M\u00e4rz 2019 statt.<\/p>\n<p>&nbsp;<\/p>\n<p>Der Vorstand gratuliert herzlich und freut sich auf eine gute Zusammenarbeit.<\/p>\n","protected":false},"excerpt":{"rendered":"<p>Hessen hat gew\u00e4hlt. Bei der Jahresversammlung des BV Hessen am 27. April 2019 gab es eine \u00c4nderung im BV Vorstand. Der Bezirksverband hat einen neuen Bezirksverbandsvorsitzenden. Hartmut B\u00fcchling, DL3FAN l\u00f6st\u00a0Dieter Briggmann, DL6AGC im Amt des BVV ab. &nbsp; Auch Baden hatte seine BV Jahresversammlung. Im BV Baden wurde die F\u00fchrungsmanschaft um OM Gerhard, DB5GG f\u00fcr&hellip; <a href=\"https:\/\/www.vfdb.org\/aktuell\/aus-den-bezirksverbaenden\/\">Weiterlesen <span class=\"meta-nav\">&rarr;<\/span><\/a><\/p>\n","protected":false},"author":3,"featured_media":0,"comment_status":"closed","ping_status":"closed","sticky":false,"template":"","format":"standard","meta":{"footnotes":""},"categories":[1],"tags":[],"class_list":["post-3313","post","type-post","status-publish","format-standard","hentry","category-qtc"],"_links":{"self":[{"href":"https:\/\/www.vfdb.org\/aktuell\/wp-json\/wp\/v2\/posts\/3313","targetHints":{"allow":["GET"]}}],"collection":[{"href":"https:\/\/www.vfdb.org\/aktuell\/wp-json\/wp\/v2\/posts"}],"about":[{"href":"https:\/\/www.vfdb.org\/aktuell\/wp-json\/wp\/v2\/types\/post"}],"author":[{"embeddable":true,"href":"https:\/\/www.vfdb.org\/aktuell\/wp-json\/wp\/v2\/users\/3"}],"replies":[{"embeddable":true,"href":"https:\/\/www.vfdb.org\/aktuell\/wp-json\/wp\/v2\/comments?post=3313"}],"version-history":[{"count":2,"href":"https:\/\/www.vfdb.org\/aktuell\/wp-json\/wp\/v2\/posts\/3313\/revisions"}],"predecessor-version":[{"id":3315,"href":"https:\/\/www.vfdb.org\/aktuell\/wp-json\/wp\/v2\/posts\/3313\/revisions\/3315"}],"wp:attachment":[{"href":"https:\/\/www.vfdb.org\/aktuell\/wp-json\/wp\/v2\/media?parent=3313"}],"wp:term":[{"taxonomy":"category","embeddable":true,"href":"https:\/\/www.vfdb.org\/aktuell\/wp-json\/wp\/v2\/categories?post=3313"},{"taxonomy":"post_tag","embeddable":true,"href":"https:\/\/www.vfdb.org\/aktuell\/wp-json\/wp\/v2\/tags?post=3313"}],"curies":[{"name":"wp","href":"https:\/\/api.w.org\/{rel}","templated":true}]}}