{"id":3422,"date":"2019-11-25T21:17:44","date_gmt":"2019-11-25T20:17:44","guid":{"rendered":"https:\/\/www.vfdb.org\/aktuell\/?p=3422"},"modified":"2019-10-27T22:41:32","modified_gmt":"2019-10-27T21:41:32","slug":"funkamateure-ehren-beethoven-im-jubilaeumsjahr","status":"publish","type":"post","link":"https:\/\/www.vfdb.org\/aktuell\/funkamateure-ehren-beethoven-im-jubilaeumsjahr\/","title":{"rendered":"Funkamateure ehren Beethoven im Jubil\u00e4umsjahr"},"content":{"rendered":"<p>Vom 16. Dezember 2019 bis 17. Dezember 2020 findet das Beethoven-Jubil\u00e4umsjahr unter der Schirmherrschaft des Bundespr\u00e4sidenten Frank-Walter Steinmeier statt. Ziele dieses Jubil\u00e4ums sind die Vermittlung von Beethovens Werk, die St\u00e4rkung und F\u00f6rderung innovativer Projekte und die Steigerung der Bekanntheit Bonns als Beethoven Stadt.<br \/>\nLudwig van Beethoven wurde im Dezember 1770 in Bonn geboren und lebte hier die ersten 22 Jahre.<\/p>\n<p>Die Bonner Funkamateure werden das Beethoven-Jubil\u00e4umsjahr mit einem Wettbewerb und Spezialrufzeichen begleiten.<br \/>\nDabei werden Sie weltweite Funkverbindungen mit anderen Funkamateuren herstellen. Jede Funkverbindung wird mit einer Beethovenkarte belohnt. Dar\u00fcber hinaus wird es noch weitere Funkaktivit\u00e4ten in Bonn und auf den Frequenzen geben.<\/p>\n<p>Das Projektteam Dirk DL7DSW, Holger DL1COP, Volker DJ9BM, Dietmar DK5OPA und Helmut DB6NX plant derzeit die Funkaktivit\u00e4ten und wird in der n\u00e4chsten Zeit weitere Details dazu ver\u00f6ffentlichen.<\/p>\n<p>Wer mehr erfahren will, findet auf der Webseite \u201e<a href=\"http:\/\/www.dl250bthvn.de\">dl250bthvn.de<\/a>\u201c demn\u00e4chst mehr Informationen.<\/p>\n","protected":false},"excerpt":{"rendered":"<p>Vom 16. Dezember 2019 bis 17. Dezember 2020 findet das Beethoven-Jubil\u00e4umsjahr unter der Schirmherrschaft des Bundespr\u00e4sidenten Frank-Walter Steinmeier statt. Ziele dieses Jubil\u00e4ums sind die Vermittlung von Beethovens Werk, die St\u00e4rkung und F\u00f6rderung innovativer Projekte und die Steigerung der Bekanntheit Bonns als Beethoven Stadt. Ludwig van Beethoven wurde im Dezember 1770 in Bonn geboren und lebte&hellip; <a href=\"https:\/\/www.vfdb.org\/aktuell\/funkamateure-ehren-beethoven-im-jubilaeumsjahr\/\">Weiterlesen <span class=\"meta-nav\">&rarr;<\/span><\/a><\/p>\n","protected":false},"author":9,"featured_media":0,"comment_status":"closed","ping_status":"closed","sticky":false,"template":"","format":"standard","meta":{"footnotes":""},"categories":[1],"tags":[],"class_list":["post-3422","post","type-post","status-publish","format-standard","hentry","category-qtc"],"_links":{"self":[{"href":"https:\/\/www.vfdb.org\/aktuell\/wp-json\/wp\/v2\/posts\/3422","targetHints":{"allow":["GET"]}}],"collection":[{"href":"https:\/\/www.vfdb.org\/aktuell\/wp-json\/wp\/v2\/posts"}],"about":[{"href":"https:\/\/www.vfdb.org\/aktuell\/wp-json\/wp\/v2\/types\/post"}],"author":[{"embeddable":true,"href":"https:\/\/www.vfdb.org\/aktuell\/wp-json\/wp\/v2\/users\/9"}],"replies":[{"embeddable":true,"href":"https:\/\/www.vfdb.org\/aktuell\/wp-json\/wp\/v2\/comments?post=3422"}],"version-history":[{"count":1,"href":"https:\/\/www.vfdb.org\/aktuell\/wp-json\/wp\/v2\/posts\/3422\/revisions"}],"predecessor-version":[{"id":3423,"href":"https:\/\/www.vfdb.org\/aktuell\/wp-json\/wp\/v2\/posts\/3422\/revisions\/3423"}],"wp:attachment":[{"href":"https:\/\/www.vfdb.org\/aktuell\/wp-json\/wp\/v2\/media?parent=3422"}],"wp:term":[{"taxonomy":"category","embeddable":true,"href":"https:\/\/www.vfdb.org\/aktuell\/wp-json\/wp\/v2\/categories?post=3422"},{"taxonomy":"post_tag","embeddable":true,"href":"https:\/\/www.vfdb.org\/aktuell\/wp-json\/wp\/v2\/tags?post=3422"}],"curies":[{"name":"wp","href":"https:\/\/api.w.org\/{rel}","templated":true}]}}