{"id":3563,"date":"2020-02-11T20:48:36","date_gmt":"2020-02-11T19:48:36","guid":{"rendered":"https:\/\/www.vfdb.org\/aktuell\/?p=3563"},"modified":"2020-02-14T12:10:14","modified_gmt":"2020-02-14T11:10:14","slug":"einladung-jahresversammlung-ov-z15-nuernberg","status":"publish","type":"post","link":"https:\/\/www.vfdb.org\/aktuell\/einladung-jahresversammlung-ov-z15-nuernberg\/","title":{"rendered":"Einladung Jahresversammlung OV Z15 N\u00fcrnberg"},"content":{"rendered":"<p>Der OVV von <a href=\"http:\/\/z15.vfdb.org\/index.htm\" target=\"_blank\" rel=\"noopener noreferrer\">Z15 N\u00fcrnberg<\/a> l\u00e4dt zur Jahreshauptversammlung ein.<\/p>\n<p>Die Versammlung findet am Montag den 09. M\u00e4rz 2020, 19:15 Uhr im <a href=\"https:\/\/www.tsv-altenberg.de\/verein\/sportgaststaette\" target=\"_blank\" rel=\"noopener noreferrer\">Vereinslokal TSV Altenberg<\/a>, Wohlauerstr. in <a href=\"https:\/\/de.wikipedia.org\/wiki\/Altenfurt\" target=\"_blank\" rel=\"noopener noreferrer\">Altenfurt<\/a> statt.<\/p>\n<p>F\u00fcr die Mitgliederversammlung wurde folgende Tagesordnung festgelegt:<\/p>\n<ol>\n<li>Begr\u00fc\u00dfung<\/li>\n<li>Feststellung der ordnungsgem\u00e4\u00dfen Einberufung, Abschluss der Anwesenheitsliste.<\/li>\n<li>Beschluss der Tagesordnung<\/li>\n<li>Gesch\u00e4ftsbericht des OV-Vorstandes<\/li>\n<li>Aussprache zu Top 4<\/li>\n<li>Entlastung des OV-Vorstandes<\/li>\n<li>Antr\u00e4ge<\/li>\n<li>Allgemeine Aussprache und weitere Informationen<\/li>\n<\/ol>\n<p>Eine gute Anfahrt und zahlreiches Erscheinen w\u00fcnscht Klaus, DG8NFB, OVV Z15<\/p>\n","protected":false},"excerpt":{"rendered":"<p>Der OVV von Z15 N\u00fcrnberg l\u00e4dt zur Jahreshauptversammlung ein. Die Versammlung findet am Montag den 09. M\u00e4rz 2020, 19:15 Uhr im Vereinslokal TSV Altenberg, Wohlauerstr. in Altenfurt statt. F\u00fcr die Mitgliederversammlung wurde folgende Tagesordnung festgelegt: Begr\u00fc\u00dfung Feststellung der ordnungsgem\u00e4\u00dfen Einberufung, Abschluss der Anwesenheitsliste. Beschluss der Tagesordnung Gesch\u00e4ftsbericht des OV-Vorstandes Aussprache zu Top 4 Entlastung des&hellip; <a href=\"https:\/\/www.vfdb.org\/aktuell\/einladung-jahresversammlung-ov-z15-nuernberg\/\">Weiterlesen <span class=\"meta-nav\">&rarr;<\/span><\/a><\/p>\n","protected":false},"author":9,"featured_media":0,"comment_status":"closed","ping_status":"closed","sticky":false,"template":"","format":"standard","meta":{"footnotes":""},"categories":[1],"tags":[17,43],"class_list":["post-3563","post","type-post","status-publish","format-standard","hentry","category-qtc","tag-jahreshauptversammlung","tag-z15"],"_links":{"self":[{"href":"https:\/\/www.vfdb.org\/aktuell\/wp-json\/wp\/v2\/posts\/3563","targetHints":{"allow":["GET"]}}],"collection":[{"href":"https:\/\/www.vfdb.org\/aktuell\/wp-json\/wp\/v2\/posts"}],"about":[{"href":"https:\/\/www.vfdb.org\/aktuell\/wp-json\/wp\/v2\/types\/post"}],"author":[{"embeddable":true,"href":"https:\/\/www.vfdb.org\/aktuell\/wp-json\/wp\/v2\/users\/9"}],"replies":[{"embeddable":true,"href":"https:\/\/www.vfdb.org\/aktuell\/wp-json\/wp\/v2\/comments?post=3563"}],"version-history":[{"count":2,"href":"https:\/\/www.vfdb.org\/aktuell\/wp-json\/wp\/v2\/posts\/3563\/revisions"}],"predecessor-version":[{"id":3618,"href":"https:\/\/www.vfdb.org\/aktuell\/wp-json\/wp\/v2\/posts\/3563\/revisions\/3618"}],"wp:attachment":[{"href":"https:\/\/www.vfdb.org\/aktuell\/wp-json\/wp\/v2\/media?parent=3563"}],"wp:term":[{"taxonomy":"category","embeddable":true,"href":"https:\/\/www.vfdb.org\/aktuell\/wp-json\/wp\/v2\/categories?post=3563"},{"taxonomy":"post_tag","embeddable":true,"href":"https:\/\/www.vfdb.org\/aktuell\/wp-json\/wp\/v2\/tags?post=3563"}],"curies":[{"name":"wp","href":"https:\/\/api.w.org\/{rel}","templated":true}]}}