{"id":3586,"date":"2020-01-28T21:27:58","date_gmt":"2020-01-28T20:27:58","guid":{"rendered":"https:\/\/www.vfdb.org\/aktuell\/?p=3586"},"modified":"2020-01-28T22:16:22","modified_gmt":"2020-01-28T21:16:22","slug":"der-bv-schleswig-holstein-hat-ein-neues-fuehrungsteam","status":"publish","type":"post","link":"https:\/\/www.vfdb.org\/aktuell\/der-bv-schleswig-holstein-hat-ein-neues-fuehrungsteam\/","title":{"rendered":"Der BV Schleswig-Holstein hat ein neues F\u00fchrungsteam"},"content":{"rendered":"<p>Am 15 Janunar 2020 fand unter Leitung des Hauptvorstands die Wiederholung der BV Versammlung in Neum\u00fcnster statt. Neben den drei Stimmberechtigten OVV und den vier Haupt Vorstandsmitgliedern fanden sich 13 weitere interessierte Mitglieder ein. Die Versammlung wurde von J\u00f6rg von Dosky, DL9YBE geleitet. Wahlleiter OM Eyke, DL7LE f\u00fchrte souver\u00e4n die Wahl der BV Vorst\u00e4nde durch. Das Amt des neuen BVV bekleidet f\u00fcr die n\u00e4chsten 2 Jahre OM Per, DK7LJ, seine Stellvertretung \u00fcbernimmt OM Heinrich, DL5LH. Die Kasse wird von OM Norbert, DC6UW gef\u00fchrt. Die erste Amtshandlung des neuen BVV war die Verleihung der goldenen Nadel f\u00fcr 40 j\u00e4hrige Mitgliedschaft an OM Horst, DK2HU. Der Hauptvorstand gratuliert allen neu gew\u00e4hlten und geehrten und hofft auf eine gute Zusammenarbeit im Sinne der Mitglieder.<\/p>\n","protected":false},"excerpt":{"rendered":"<p>Am 15 Janunar 2020 fand unter Leitung des Hauptvorstands die Wiederholung der BV Versammlung in Neum\u00fcnster statt. Neben den drei Stimmberechtigten OVV und den vier Haupt Vorstandsmitgliedern fanden sich 13 weitere interessierte Mitglieder ein. Die Versammlung wurde von J\u00f6rg von Dosky, DL9YBE geleitet. Wahlleiter OM Eyke, DL7LE f\u00fchrte souver\u00e4n die Wahl der BV Vorst\u00e4nde durch.&hellip; <a href=\"https:\/\/www.vfdb.org\/aktuell\/der-bv-schleswig-holstein-hat-ein-neues-fuehrungsteam\/\">Weiterlesen <span class=\"meta-nav\">&rarr;<\/span><\/a><\/p>\n","protected":false},"author":3,"featured_media":0,"comment_status":"closed","ping_status":"closed","sticky":false,"template":"","format":"standard","meta":{"footnotes":""},"categories":[1],"tags":[132,34,118,16,20,126],"class_list":["post-3586","post","type-post","status-publish","format-standard","hentry","category-qtc","tag-bezirksverband","tag-bv","tag-ehrungen","tag-termine","tag-veranstaltung","tag-vorstand"],"_links":{"self":[{"href":"https:\/\/www.vfdb.org\/aktuell\/wp-json\/wp\/v2\/posts\/3586","targetHints":{"allow":["GET"]}}],"collection":[{"href":"https:\/\/www.vfdb.org\/aktuell\/wp-json\/wp\/v2\/posts"}],"about":[{"href":"https:\/\/www.vfdb.org\/aktuell\/wp-json\/wp\/v2\/types\/post"}],"author":[{"embeddable":true,"href":"https:\/\/www.vfdb.org\/aktuell\/wp-json\/wp\/v2\/users\/3"}],"replies":[{"embeddable":true,"href":"https:\/\/www.vfdb.org\/aktuell\/wp-json\/wp\/v2\/comments?post=3586"}],"version-history":[{"count":4,"href":"https:\/\/www.vfdb.org\/aktuell\/wp-json\/wp\/v2\/posts\/3586\/revisions"}],"predecessor-version":[{"id":3597,"href":"https:\/\/www.vfdb.org\/aktuell\/wp-json\/wp\/v2\/posts\/3586\/revisions\/3597"}],"wp:attachment":[{"href":"https:\/\/www.vfdb.org\/aktuell\/wp-json\/wp\/v2\/media?parent=3586"}],"wp:term":[{"taxonomy":"category","embeddable":true,"href":"https:\/\/www.vfdb.org\/aktuell\/wp-json\/wp\/v2\/categories?post=3586"},{"taxonomy":"post_tag","embeddable":true,"href":"https:\/\/www.vfdb.org\/aktuell\/wp-json\/wp\/v2\/tags?post=3586"}],"curies":[{"name":"wp","href":"https:\/\/api.w.org\/{rel}","templated":true}]}}