{"id":3641,"date":"2020-02-24T17:18:38","date_gmt":"2020-02-24T16:18:38","guid":{"rendered":"https:\/\/www.vfdb.org\/aktuell\/?p=3641"},"modified":"2020-02-24T17:18:38","modified_gmt":"2020-02-24T16:18:38","slug":"sturmschaden-beim-emslandrelais-db0vl","status":"publish","type":"post","link":"https:\/\/www.vfdb.org\/aktuell\/sturmschaden-beim-emslandrelais-db0vl\/","title":{"rendered":"Sturmschaden beim Emslandrelais DB0VL"},"content":{"rendered":"<p>Nachdem der Orkan \u201eSabine\u201c auch Osnabr\u00fcck \u00fcberquert hatte, was das DMR-Signal des Emsland Relais DB0VL nicht mehr h\u00f6rbar. Das Relais war zwar noch im DMR-Netz sichtbar, jedoch fehlte die HF in der Luft. Zur Vorsicht wurde das Relais aus dem Netz genommen. Nun ist es erforderlich nach den Antennen zu sehen. Vielleicht hat auch ein Blitzschlag etwas besch\u00e4digt, so das Team von DL0VL.<\/p>\n<p>Details dazu auf: <a href=\"https:\/\/z36.vfdb.org\/2020\/02\/ausfall-db0vl\/\" target=\"_blank\" rel=\"noopener noreferrer\">https:\/\/z36.vfdb.org\/2020\/02\/ausfall-db0vl\/<\/a><\/p>\n","protected":false},"excerpt":{"rendered":"<p>Nachdem der Orkan \u201eSabine\u201c auch Osnabr\u00fcck \u00fcberquert hatte, was das DMR-Signal des Emsland Relais DB0VL nicht mehr h\u00f6rbar. Das Relais war zwar noch im DMR-Netz sichtbar, jedoch fehlte die HF in der Luft. Zur Vorsicht wurde das Relais aus dem Netz genommen. Nun ist es erforderlich nach den Antennen zu sehen. Vielleicht hat auch ein&hellip; <a href=\"https:\/\/www.vfdb.org\/aktuell\/sturmschaden-beim-emslandrelais-db0vl\/\">Weiterlesen <span class=\"meta-nav\">&rarr;<\/span><\/a><\/p>\n","protected":false},"author":9,"featured_media":0,"comment_status":"closed","ping_status":"closed","sticky":false,"template":"","format":"standard","meta":{"footnotes":""},"categories":[1],"tags":[],"class_list":["post-3641","post","type-post","status-publish","format-standard","hentry","category-qtc"],"_links":{"self":[{"href":"https:\/\/www.vfdb.org\/aktuell\/wp-json\/wp\/v2\/posts\/3641","targetHints":{"allow":["GET"]}}],"collection":[{"href":"https:\/\/www.vfdb.org\/aktuell\/wp-json\/wp\/v2\/posts"}],"about":[{"href":"https:\/\/www.vfdb.org\/aktuell\/wp-json\/wp\/v2\/types\/post"}],"author":[{"embeddable":true,"href":"https:\/\/www.vfdb.org\/aktuell\/wp-json\/wp\/v2\/users\/9"}],"replies":[{"embeddable":true,"href":"https:\/\/www.vfdb.org\/aktuell\/wp-json\/wp\/v2\/comments?post=3641"}],"version-history":[{"count":1,"href":"https:\/\/www.vfdb.org\/aktuell\/wp-json\/wp\/v2\/posts\/3641\/revisions"}],"predecessor-version":[{"id":3642,"href":"https:\/\/www.vfdb.org\/aktuell\/wp-json\/wp\/v2\/posts\/3641\/revisions\/3642"}],"wp:attachment":[{"href":"https:\/\/www.vfdb.org\/aktuell\/wp-json\/wp\/v2\/media?parent=3641"}],"wp:term":[{"taxonomy":"category","embeddable":true,"href":"https:\/\/www.vfdb.org\/aktuell\/wp-json\/wp\/v2\/categories?post=3641"},{"taxonomy":"post_tag","embeddable":true,"href":"https:\/\/www.vfdb.org\/aktuell\/wp-json\/wp\/v2\/tags?post=3641"}],"curies":[{"name":"wp","href":"https:\/\/api.w.org\/{rel}","templated":true}]}}