{"id":3845,"date":"2020-10-13T11:05:31","date_gmt":"2020-10-13T09:05:31","guid":{"rendered":"https:\/\/www.vfdb.org\/aktuell\/?p=3845"},"modified":"2020-09-27T11:10:24","modified_gmt":"2020-09-27T09:10:24","slug":"darc-team-ses-ins-leben-gerufen","status":"publish","type":"post","link":"https:\/\/www.vfdb.org\/aktuell\/darc-team-ses-ins-leben-gerufen\/","title":{"rendered":"&#8222;DARC Team SES&#8220; ins Leben gerufen"},"content":{"rendered":"<p><span style=\"font-weight: 400;\"><img decoding=\"async\" class=\"alignright\" src=\"https:\/\/www.darc.de\/fileadmin\/filemounts\/_processed_\/0\/d\/csm_DARCTeamSES_3e0fa5ec40.png\" \/><\/span><span style=\"font-weight: 400;\">Im Sommer hat das DARC-Referat &#8222;DX&#8220; ein &#8222;DARC Team SES&#8220; ins Leben gerufen. Funkamateure, die Spa\u00df am regelm\u00e4\u00dfigen und konzentrierten Funkbetrieb mit Sonderrufzeichen haben sind darin Mitglied. Die erste Aktion ist das Betreiben der Sonderstation DK70DARC vom 01. September bis 31. Dezember 2020 mit dem Sonder-DOK 70DARC. Dazu wird ein Sonderdiplom herausgegeben.\u00a0<\/span><\/p>\n<p>Weitergehende Infos unter:<\/p>\n<p><a href=\"https:\/\/www.funkfreundelandshut.de\/index.php\/neuigkeiten-vom-funk\/3250-darc-team-ses\" target=\"_blank\" rel=\"noopener noreferrer\">https:\/\/www.funkfreundelandshut.de\/index.php\/neuigkeiten-vom-funk\/3250-darc-team-ses\u00a0<\/a><\/p>\n<p><a href=\"https:\/\/www.eurao.org\/de\/aggregator\/sources\/26\" target=\"_blank\" rel=\"noopener noreferrer\">https:\/\/www.eurao.org\/de\/aggregator\/sources\/26<\/a><\/p>\n","protected":false},"excerpt":{"rendered":"<p>Im Sommer hat das DARC-Referat &#8222;DX&#8220; ein &#8222;DARC Team SES&#8220; ins Leben gerufen. Funkamateure, die Spa\u00df am regelm\u00e4\u00dfigen und konzentrierten Funkbetrieb mit Sonderrufzeichen haben sind darin Mitglied. Die erste Aktion ist das Betreiben der Sonderstation DK70DARC vom 01. September bis 31. Dezember 2020 mit dem Sonder-DOK 70DARC. Dazu wird ein Sonderdiplom herausgegeben.\u00a0 Weitergehende Infos unter:&hellip; <a href=\"https:\/\/www.vfdb.org\/aktuell\/darc-team-ses-ins-leben-gerufen\/\">Weiterlesen <span class=\"meta-nav\">&rarr;<\/span><\/a><\/p>\n","protected":false},"author":9,"featured_media":0,"comment_status":"closed","ping_status":"closed","sticky":false,"template":"","format":"standard","meta":{"footnotes":""},"categories":[1],"tags":[],"class_list":["post-3845","post","type-post","status-publish","format-standard","hentry","category-qtc"],"_links":{"self":[{"href":"https:\/\/www.vfdb.org\/aktuell\/wp-json\/wp\/v2\/posts\/3845","targetHints":{"allow":["GET"]}}],"collection":[{"href":"https:\/\/www.vfdb.org\/aktuell\/wp-json\/wp\/v2\/posts"}],"about":[{"href":"https:\/\/www.vfdb.org\/aktuell\/wp-json\/wp\/v2\/types\/post"}],"author":[{"embeddable":true,"href":"https:\/\/www.vfdb.org\/aktuell\/wp-json\/wp\/v2\/users\/9"}],"replies":[{"embeddable":true,"href":"https:\/\/www.vfdb.org\/aktuell\/wp-json\/wp\/v2\/comments?post=3845"}],"version-history":[{"count":1,"href":"https:\/\/www.vfdb.org\/aktuell\/wp-json\/wp\/v2\/posts\/3845\/revisions"}],"predecessor-version":[{"id":3846,"href":"https:\/\/www.vfdb.org\/aktuell\/wp-json\/wp\/v2\/posts\/3845\/revisions\/3846"}],"wp:attachment":[{"href":"https:\/\/www.vfdb.org\/aktuell\/wp-json\/wp\/v2\/media?parent=3845"}],"wp:term":[{"taxonomy":"category","embeddable":true,"href":"https:\/\/www.vfdb.org\/aktuell\/wp-json\/wp\/v2\/categories?post=3845"},{"taxonomy":"post_tag","embeddable":true,"href":"https:\/\/www.vfdb.org\/aktuell\/wp-json\/wp\/v2\/tags?post=3845"}],"curies":[{"name":"wp","href":"https:\/\/api.w.org\/{rel}","templated":true}]}}