{"id":4052,"date":"2021-06-01T07:30:39","date_gmt":"2021-06-01T05:30:39","guid":{"rendered":"https:\/\/www.vfdb.org\/aktuell\/?p=4052"},"modified":"2021-06-01T20:29:59","modified_gmt":"2021-06-01T18:29:59","slug":"eine-konferenz-ersetzt-keinen-ov-abend","status":"publish","type":"post","link":"https:\/\/www.vfdb.org\/aktuell\/eine-konferenz-ersetzt-keinen-ov-abend\/","title":{"rendered":"Eine Konferenz ersetzt keinen OV Abend"},"content":{"rendered":"<h6>Ein Kommentar von Norbert, DF1ASG<\/h6>\n<p><strong>Eine Videokonferenz ersetzt kein OV\u2013Treffen &#8211; macht aber auch Freude<\/strong><\/p>\n<p>Wir durchleben alle durch die COVID-19-Pandemie schwierige Zeiten, nicht zuletzt auch in unseren Ortsverb\u00e4nden. OV-Treffen k\u00f6nnen zurzeit in Clubstationen, Clubheimen oder Gastst\u00e4tten nicht stattfinden. Eine gewisse Zeit mag das schon einmal gehen. Aber: Der Amateurfunk findet weiter statt!<\/p>\n<p>Wenn eine solche \u201eEnthaltsamkeit\u201c (sich mit YLs und OM, Freunden und Bekannten nicht mehr treffen zu k\u00f6nnen) \u00fcber einen sehr langen Zeitraum stattfindet, dann fehlt uns dies nat\u00fcrlich sehr und jeden Tag mehr. Das f\u00fchrt hoffentlich nicht dazu, dass auch die Freude und das Interesse an unserem sehr sch\u00f6nen Hobby bei mancher YL oder manchem OM zu schwinden beginnt!<\/p>\n<p>Damit es gar nicht erst so weit kommt, gibt es eine Alternative, mit der gegenw\u00e4rtigen Situation fertigzuwerden: die Online-Videokonferenz. Jeder VFDB-Ortsverband kann eine solche einrichten und durchf\u00fchren &#8211; die technischen Anforderungen hierf\u00fcr sind \u00fcberschaubar. Bei diesen virtuellen Treffen k\u00f6nnen sich die OV-Mitglieder, wann immer sie es wollen, auf der \u201eMattscheibe\u201c sehen, sich h\u00f6ren und aktuelle Themen diskutieren. Der VFDB e. V. unterst\u00fctzt dieses Anliegen nachhaltig und stellt seinen Ortsverb\u00e4nden den entsprechenden Meeting-Zugang \u00fcber den BBB-Server zur Verf\u00fcgung. Nat\u00fcrlich gibt es auch weitere Anbieter und M\u00f6glichkeiten.<\/p>\n<p>Eine Videokonferenz bedarf aber auch einer minimalen lokalen Voraussetzung. Man ben\u00f6tigt ein Notebook oder PC, der m\u00f6glichst mit einer Kamera, einem Mikrofon und einem Lautsprecher oder Kopfh\u00f6rerausgang ausger\u00fcstet sein sollte. Die \u00dcbertragung der Video- und Audiodaten ins Internet erfordert auch eine gewisse \u00dcbertragungsgeschwindigkeit des eigenen Internetzugangs. Bei der ersten Videokonferenz merkt man dann erst, was alles noch nicht so richtig funktioniert (fehlende aktuelle Treiber usw.).<\/p>\n<p>F\u00fcr alle, die sich noch nicht intensiv mit der Materie \u201eVideokonferenz\u201c besch\u00e4ftigt haben, stehen erfahrene OV-Mitglieder, Freunde oder Bekannte gerne mit Rat und Tat zur Seite.<\/p>\n<p>Ich w\u00fcnsche Euch viel Spa\u00df mit der n\u00e4chsten Video-Konferenz!<\/p>\n<p>Norbert Reinhardt, DF1ASG<br \/>\nOVV Z90 (Suhl-Ilmenau)<\/p>\n","protected":false},"excerpt":{"rendered":"<p>Ein Kommentar von Norbert, DF1ASG Eine Videokonferenz ersetzt kein OV\u2013Treffen &#8211; macht aber auch Freude Wir durchleben alle durch die COVID-19-Pandemie schwierige Zeiten, nicht zuletzt auch in unseren Ortsverb\u00e4nden. OV-Treffen k\u00f6nnen zurzeit in Clubstationen, Clubheimen oder Gastst\u00e4tten nicht stattfinden. Eine gewisse Zeit mag das schon einmal gehen. Aber: Der Amateurfunk findet weiter statt! Wenn eine&hellip; <a href=\"https:\/\/www.vfdb.org\/aktuell\/eine-konferenz-ersetzt-keinen-ov-abend\/\">Weiterlesen <span class=\"meta-nav\">&rarr;<\/span><\/a><\/p>\n","protected":false},"author":9,"featured_media":0,"comment_status":"closed","ping_status":"closed","sticky":false,"template":"","format":"standard","meta":{"footnotes":""},"categories":[1],"tags":[],"class_list":["post-4052","post","type-post","status-publish","format-standard","hentry","category-qtc"],"_links":{"self":[{"href":"https:\/\/www.vfdb.org\/aktuell\/wp-json\/wp\/v2\/posts\/4052","targetHints":{"allow":["GET"]}}],"collection":[{"href":"https:\/\/www.vfdb.org\/aktuell\/wp-json\/wp\/v2\/posts"}],"about":[{"href":"https:\/\/www.vfdb.org\/aktuell\/wp-json\/wp\/v2\/types\/post"}],"author":[{"embeddable":true,"href":"https:\/\/www.vfdb.org\/aktuell\/wp-json\/wp\/v2\/users\/9"}],"replies":[{"embeddable":true,"href":"https:\/\/www.vfdb.org\/aktuell\/wp-json\/wp\/v2\/comments?post=4052"}],"version-history":[{"count":7,"href":"https:\/\/www.vfdb.org\/aktuell\/wp-json\/wp\/v2\/posts\/4052\/revisions"}],"predecessor-version":[{"id":4060,"href":"https:\/\/www.vfdb.org\/aktuell\/wp-json\/wp\/v2\/posts\/4052\/revisions\/4060"}],"wp:attachment":[{"href":"https:\/\/www.vfdb.org\/aktuell\/wp-json\/wp\/v2\/media?parent=4052"}],"wp:term":[{"taxonomy":"category","embeddable":true,"href":"https:\/\/www.vfdb.org\/aktuell\/wp-json\/wp\/v2\/categories?post=4052"},{"taxonomy":"post_tag","embeddable":true,"href":"https:\/\/www.vfdb.org\/aktuell\/wp-json\/wp\/v2\/tags?post=4052"}],"curies":[{"name":"wp","href":"https:\/\/api.w.org\/{rel}","templated":true}]}}