{"id":4086,"date":"2021-06-06T12:43:07","date_gmt":"2021-06-06T10:43:07","guid":{"rendered":"https:\/\/www.vfdb.org\/aktuell\/?p=4086"},"modified":"2021-06-06T12:43:07","modified_gmt":"2021-06-06T10:43:07","slug":"peilveranstaltung-des-ardf-referats","status":"publish","type":"post","link":"https:\/\/www.vfdb.org\/aktuell\/peilveranstaltung-des-ardf-referats\/","title":{"rendered":"Peilveranstaltung des ARDF-Referats"},"content":{"rendered":"<p><span style=\"font-weight: 400;\">Die Organisatoren um den ARDF-Referenten OM Charly, <\/span><span style=\"font-weight: 400;\">DL3YDJ sind optimistisch, dass aufgrund der positiven Aussichten f\u00fcr den August das traditionelle Peilwochenende in der Wingst in der Zeit vom 13. bis 15. August stattfinden wird.<br \/>\nAlle Vorbereitungen laufen nach Plan, und wenn die Beh\u00f6rde das vorgelegte Konzept abgesegnet hat, ist die gr\u00f6\u00dfte planerische H\u00fcrde bereits genommen.<\/span><\/p>\n","protected":false},"excerpt":{"rendered":"<p>Die Organisatoren um den ARDF-Referenten OM Charly, DL3YDJ sind optimistisch, dass aufgrund der positiven Aussichten f\u00fcr den August das traditionelle Peilwochenende in der Wingst in der Zeit vom 13. bis 15. August stattfinden wird. Alle Vorbereitungen laufen nach Plan, und wenn die Beh\u00f6rde das vorgelegte Konzept abgesegnet hat, ist die gr\u00f6\u00dfte planerische H\u00fcrde bereits genommen.<\/p>\n","protected":false},"author":3,"featured_media":0,"comment_status":"closed","ping_status":"closed","sticky":false,"template":"","format":"standard","meta":{"footnotes":""},"categories":[1],"tags":[],"class_list":["post-4086","post","type-post","status-publish","format-standard","hentry","category-qtc"],"_links":{"self":[{"href":"https:\/\/www.vfdb.org\/aktuell\/wp-json\/wp\/v2\/posts\/4086","targetHints":{"allow":["GET"]}}],"collection":[{"href":"https:\/\/www.vfdb.org\/aktuell\/wp-json\/wp\/v2\/posts"}],"about":[{"href":"https:\/\/www.vfdb.org\/aktuell\/wp-json\/wp\/v2\/types\/post"}],"author":[{"embeddable":true,"href":"https:\/\/www.vfdb.org\/aktuell\/wp-json\/wp\/v2\/users\/3"}],"replies":[{"embeddable":true,"href":"https:\/\/www.vfdb.org\/aktuell\/wp-json\/wp\/v2\/comments?post=4086"}],"version-history":[{"count":1,"href":"https:\/\/www.vfdb.org\/aktuell\/wp-json\/wp\/v2\/posts\/4086\/revisions"}],"predecessor-version":[{"id":4087,"href":"https:\/\/www.vfdb.org\/aktuell\/wp-json\/wp\/v2\/posts\/4086\/revisions\/4087"}],"wp:attachment":[{"href":"https:\/\/www.vfdb.org\/aktuell\/wp-json\/wp\/v2\/media?parent=4086"}],"wp:term":[{"taxonomy":"category","embeddable":true,"href":"https:\/\/www.vfdb.org\/aktuell\/wp-json\/wp\/v2\/categories?post=4086"},{"taxonomy":"post_tag","embeddable":true,"href":"https:\/\/www.vfdb.org\/aktuell\/wp-json\/wp\/v2\/tags?post=4086"}],"curies":[{"name":"wp","href":"https:\/\/api.w.org\/{rel}","templated":true}]}}