{"id":4192,"date":"2021-07-12T09:45:20","date_gmt":"2021-07-12T07:45:20","guid":{"rendered":"https:\/\/www.vfdb.org\/aktuell\/?p=4192"},"modified":"2021-07-13T08:46:43","modified_gmt":"2021-07-13T06:46:43","slug":"es-geht-los-praesenz-ov-abende","status":"publish","type":"post","link":"https:\/\/www.vfdb.org\/aktuell\/es-geht-los-praesenz-ov-abende\/","title":{"rendered":"Es geht wieder los &#8211; Pr\u00e4senz OV Abende?"},"content":{"rendered":"<p>Vielerorts werden jetzt wieder Pr\u00e4senz OV Abende veranstaltet.<br \/>\nDen Vorstand erreichen fast t\u00e4glich Einladungen f\u00fcr Veranstaltungen<br \/>\nSeit einigen Wochen sind aber eigentlich mit etwas Phantasie schon Treffen m\u00f6glich gewesen.<br \/>\nMan kann auch feststellen, dass eine nicht geringe Zahl an Ortsverb\u00e4nden die Zeit der<br \/>\nKontaktbeschr\u00e4nkungen im Dornr\u00f6schenschlaf erstarrt waren.<br \/>\nSelbst Mails an die Mitglieder im Ortsverband oder Bezirk wurden nur sp\u00e4rlich oder gar nicht versandt.<\/p>\n<p>Bitte bei der Planung der Treffen den Artikel auf unserer Webseite zum Thema<br \/>\n<a href=\"https:\/\/www.vfdb.org\/aktuell\/vereinsrecht-und-auswirkungen-der-covid-19-pandemie-auf-untergliederungen\/\">&#8222;Vereinsrecht und Auswirkungen der COVID-19 Pandemie auf Untergliederungen&#8220;<\/a><br \/>\nlesen.<br \/>\nEine v\u00f6llig \u00fcberzogen Reaktion w\u00e4re die Veranstaltungen von 2 Jahren stufig nachzuholen.<\/p>\n<p>Sollte sich nat\u00fcrlich euer OV immer noch im Tiefschlaf so geht bitte auf eure Amtstr\u00e4ge zu und<br \/>\nmacht konstruktive Vorschl\u00e4ge wie die Vereinsarbeit wieder Fahrt aufnehmen kann.<\/p>\n<p>Noch ein Tipp f\u00fcr die Einladenden &#8211; die neue DIN 5008 nennt im Kontext mit Genderansprache<br \/>\n&#8222;Sehr geehrte Pers\u00f6nlichkeiten&#8220; als Alternative zu den althergebrachten Textpassagen.<\/p>\n<p>&nbsp;<\/p>\n","protected":false},"excerpt":{"rendered":"<p>Vielerorts werden jetzt wieder Pr\u00e4senz OV Abende veranstaltet. Den Vorstand erreichen fast t\u00e4glich Einladungen f\u00fcr Veranstaltungen Seit einigen Wochen sind aber eigentlich mit etwas Phantasie schon Treffen m\u00f6glich gewesen. Man kann auch feststellen, dass eine nicht geringe Zahl an Ortsverb\u00e4nden die Zeit der Kontaktbeschr\u00e4nkungen im Dornr\u00f6schenschlaf erstarrt waren. Selbst Mails an die Mitglieder im Ortsverband&hellip; <a href=\"https:\/\/www.vfdb.org\/aktuell\/es-geht-los-praesenz-ov-abende\/\">Weiterlesen <span class=\"meta-nav\">&rarr;<\/span><\/a><\/p>\n","protected":false},"author":3,"featured_media":0,"comment_status":"closed","ping_status":"closed","sticky":false,"template":"","format":"standard","meta":{"footnotes":""},"categories":[1],"tags":[],"class_list":["post-4192","post","type-post","status-publish","format-standard","hentry","category-qtc"],"_links":{"self":[{"href":"https:\/\/www.vfdb.org\/aktuell\/wp-json\/wp\/v2\/posts\/4192","targetHints":{"allow":["GET"]}}],"collection":[{"href":"https:\/\/www.vfdb.org\/aktuell\/wp-json\/wp\/v2\/posts"}],"about":[{"href":"https:\/\/www.vfdb.org\/aktuell\/wp-json\/wp\/v2\/types\/post"}],"author":[{"embeddable":true,"href":"https:\/\/www.vfdb.org\/aktuell\/wp-json\/wp\/v2\/users\/3"}],"replies":[{"embeddable":true,"href":"https:\/\/www.vfdb.org\/aktuell\/wp-json\/wp\/v2\/comments?post=4192"}],"version-history":[{"count":7,"href":"https:\/\/www.vfdb.org\/aktuell\/wp-json\/wp\/v2\/posts\/4192\/revisions"}],"predecessor-version":[{"id":4202,"href":"https:\/\/www.vfdb.org\/aktuell\/wp-json\/wp\/v2\/posts\/4192\/revisions\/4202"}],"wp:attachment":[{"href":"https:\/\/www.vfdb.org\/aktuell\/wp-json\/wp\/v2\/media?parent=4192"}],"wp:term":[{"taxonomy":"category","embeddable":true,"href":"https:\/\/www.vfdb.org\/aktuell\/wp-json\/wp\/v2\/categories?post=4192"},{"taxonomy":"post_tag","embeddable":true,"href":"https:\/\/www.vfdb.org\/aktuell\/wp-json\/wp\/v2\/tags?post=4192"}],"curies":[{"name":"wp","href":"https:\/\/api.w.org\/{rel}","templated":true}]}}