{"id":4286,"date":"2021-11-07T15:10:35","date_gmt":"2021-11-07T14:10:35","guid":{"rendered":"https:\/\/www.vfdb.org\/aktuell\/?p=4286"},"modified":"2021-11-07T15:10:35","modified_gmt":"2021-11-07T14:10:35","slug":"bezirksverbandsversammlung-thu%cc%88ringen-am-20-november-in-erfurt","status":"publish","type":"post","link":"https:\/\/www.vfdb.org\/aktuell\/bezirksverbandsversammlung-thu%cc%88ringen-am-20-november-in-erfurt\/","title":{"rendered":"Bezirksverbandsversammlung Thu\u0308ringen am 20. November in Erfurt"},"content":{"rendered":"<hr \/>\n<p><span style=\"font-weight: 400;\">Der Bezirksverband Thu\u0308ringen hat satzungsgem\u00e4\u00df die OVV der Ortsverb\u00e4nde Erfurt (Z83), Gera (Z88) und Suhl-Ilmenau (Z90) zur BV-Versammlung am 20.11.2021 um 11:00 Uhr eingeladen. Die Versammlung findet in Erfurt im Restaurant \u201eReseda\u201c in der Ro\u00dflauer Stra\u00dfe 1 statt. Weitere Einladungen ergingen an den DARC-Distriktsvorsitzenden Th\u00fcringen, Roland DK4RC sowie an den VFDB-Hauptvorstand in Vertretung an Ju\u0308rgen DH2OP.<\/p>\n<p>BVV Th\u00fcringen<br \/>\nNorbert, DF1ASG.<\/span><\/p>\n","protected":false},"excerpt":{"rendered":"<p>Der Bezirksverband Thu\u0308ringen hat satzungsgem\u00e4\u00df die OVV der Ortsverb\u00e4nde Erfurt (Z83), Gera (Z88) und Suhl-Ilmenau (Z90) zur BV-Versammlung am 20.11.2021 um 11:00 Uhr eingeladen. Die Versammlung findet in Erfurt im Restaurant \u201eReseda\u201c in der Ro\u00dflauer Stra\u00dfe 1 statt. Weitere Einladungen ergingen an den DARC-Distriktsvorsitzenden Th\u00fcringen, Roland DK4RC sowie an den VFDB-Hauptvorstand in Vertretung an Ju\u0308rgen&hellip; <a href=\"https:\/\/www.vfdb.org\/aktuell\/bezirksverbandsversammlung-thu%cc%88ringen-am-20-november-in-erfurt\/\">Weiterlesen <span class=\"meta-nav\">&rarr;<\/span><\/a><\/p>\n","protected":false},"author":3,"featured_media":0,"comment_status":"closed","ping_status":"closed","sticky":false,"template":"","format":"standard","meta":{"footnotes":""},"categories":[1],"tags":[],"class_list":["post-4286","post","type-post","status-publish","format-standard","hentry","category-qtc"],"_links":{"self":[{"href":"https:\/\/www.vfdb.org\/aktuell\/wp-json\/wp\/v2\/posts\/4286","targetHints":{"allow":["GET"]}}],"collection":[{"href":"https:\/\/www.vfdb.org\/aktuell\/wp-json\/wp\/v2\/posts"}],"about":[{"href":"https:\/\/www.vfdb.org\/aktuell\/wp-json\/wp\/v2\/types\/post"}],"author":[{"embeddable":true,"href":"https:\/\/www.vfdb.org\/aktuell\/wp-json\/wp\/v2\/users\/3"}],"replies":[{"embeddable":true,"href":"https:\/\/www.vfdb.org\/aktuell\/wp-json\/wp\/v2\/comments?post=4286"}],"version-history":[{"count":1,"href":"https:\/\/www.vfdb.org\/aktuell\/wp-json\/wp\/v2\/posts\/4286\/revisions"}],"predecessor-version":[{"id":4287,"href":"https:\/\/www.vfdb.org\/aktuell\/wp-json\/wp\/v2\/posts\/4286\/revisions\/4287"}],"wp:attachment":[{"href":"https:\/\/www.vfdb.org\/aktuell\/wp-json\/wp\/v2\/media?parent=4286"}],"wp:term":[{"taxonomy":"category","embeddable":true,"href":"https:\/\/www.vfdb.org\/aktuell\/wp-json\/wp\/v2\/categories?post=4286"},{"taxonomy":"post_tag","embeddable":true,"href":"https:\/\/www.vfdb.org\/aktuell\/wp-json\/wp\/v2\/tags?post=4286"}],"curies":[{"name":"wp","href":"https:\/\/api.w.org\/{rel}","templated":true}]}}