{"id":4323,"date":"2021-12-05T19:50:42","date_gmt":"2021-12-05T18:50:42","guid":{"rendered":"https:\/\/www.vfdb.org\/aktuell\/?p=4323"},"modified":"2021-12-05T19:50:42","modified_gmt":"2021-12-05T18:50:42","slug":"bv-jahresversammlung-in-thueringen","status":"publish","type":"post","link":"https:\/\/www.vfdb.org\/aktuell\/bv-jahresversammlung-in-thueringen\/","title":{"rendered":"BV Jahresversammlung in Th\u00fcringen"},"content":{"rendered":"<p><span style=\"font-weight: 400;\">Am 20. November fand in Erfurt die Wahl des Bezirksvorstandes des BV Th\u00fcringen statt.<br \/>\nTeilnehmer waren die Vorsitzenden der drei Th\u00fcringer Ortsverb\u00e4nde Erfurt (Z83), Gera (Z88) und Suhl-Ilmenau (Z90).<br \/>\nAls G\u00e4ste konnten der Distriktsvorsitzende des DARC Th\u00fcringen, Roland DK4RC und der VFDB-Kassenverwalter J\u00fcrgen DH2OP begr\u00fc\u00dft werden. An der Veranstaltung nahm auch der EMV-Referent des VFDB, Hans-Peter DG0AX als Gast teil.<br \/>\nNorbert DF1ASG berichtete \u00fcber die Aktivit\u00e4ten des Bezirksverbandes in der vergangenen Wahlperiode.<br \/>\nIm Anschluss erfolgte der Bericht zur Kassenpr\u00fcfung. Somit konnte dem BVV f\u00fcr die geleistete Arbeit gedankt und Entlastung erteilt werden. Anschlie\u00dfend nahm der Wahlvorstand die Vorschl\u00e4ge f\u00fcr die\u00a0 Neuwahl entgegen.<br \/>\nAls Kandidaten wurden Norbert, DF1ASG als neuer BVV, Christine, DG0AY als stellvertretende BVV und Achim, DL3AF als Kassenwart vorgeschlagen.<br \/>\nDie Kandidaten wurden entsprechend der Wahlordnung f\u00fcr eine weitere Amtsperiode gew\u00e4hlt.<br \/>\nDie Versammlung wurde mit einer interessanten Diskussion \u00fcber Technik und Vereinsleben beendet.<\/span><\/p>\n","protected":false},"excerpt":{"rendered":"<p>Am 20. November fand in Erfurt die Wahl des Bezirksvorstandes des BV Th\u00fcringen statt. Teilnehmer waren die Vorsitzenden der drei Th\u00fcringer Ortsverb\u00e4nde Erfurt (Z83), Gera (Z88) und Suhl-Ilmenau (Z90). Als G\u00e4ste konnten der Distriktsvorsitzende des DARC Th\u00fcringen, Roland DK4RC und der VFDB-Kassenverwalter J\u00fcrgen DH2OP begr\u00fc\u00dft werden. An der Veranstaltung nahm auch der EMV-Referent des VFDB,&hellip; <a href=\"https:\/\/www.vfdb.org\/aktuell\/bv-jahresversammlung-in-thueringen\/\">Weiterlesen <span class=\"meta-nav\">&rarr;<\/span><\/a><\/p>\n","protected":false},"author":3,"featured_media":0,"comment_status":"closed","ping_status":"closed","sticky":false,"template":"","format":"standard","meta":{"footnotes":""},"categories":[1],"tags":[],"class_list":["post-4323","post","type-post","status-publish","format-standard","hentry","category-qtc"],"_links":{"self":[{"href":"https:\/\/www.vfdb.org\/aktuell\/wp-json\/wp\/v2\/posts\/4323","targetHints":{"allow":["GET"]}}],"collection":[{"href":"https:\/\/www.vfdb.org\/aktuell\/wp-json\/wp\/v2\/posts"}],"about":[{"href":"https:\/\/www.vfdb.org\/aktuell\/wp-json\/wp\/v2\/types\/post"}],"author":[{"embeddable":true,"href":"https:\/\/www.vfdb.org\/aktuell\/wp-json\/wp\/v2\/users\/3"}],"replies":[{"embeddable":true,"href":"https:\/\/www.vfdb.org\/aktuell\/wp-json\/wp\/v2\/comments?post=4323"}],"version-history":[{"count":1,"href":"https:\/\/www.vfdb.org\/aktuell\/wp-json\/wp\/v2\/posts\/4323\/revisions"}],"predecessor-version":[{"id":4324,"href":"https:\/\/www.vfdb.org\/aktuell\/wp-json\/wp\/v2\/posts\/4323\/revisions\/4324"}],"wp:attachment":[{"href":"https:\/\/www.vfdb.org\/aktuell\/wp-json\/wp\/v2\/media?parent=4323"}],"wp:term":[{"taxonomy":"category","embeddable":true,"href":"https:\/\/www.vfdb.org\/aktuell\/wp-json\/wp\/v2\/categories?post=4323"},{"taxonomy":"post_tag","embeddable":true,"href":"https:\/\/www.vfdb.org\/aktuell\/wp-json\/wp\/v2\/tags?post=4323"}],"curies":[{"name":"wp","href":"https:\/\/api.w.org\/{rel}","templated":true}]}}