{"id":4384,"date":"2022-02-27T14:33:20","date_gmt":"2022-02-27T13:33:20","guid":{"rendered":"https:\/\/www.vfdb.org\/aktuell\/?p=4384"},"modified":"2023-01-04T17:29:44","modified_gmt":"2023-01-04T16:29:44","slug":"om-dieter-weissbach-df3lr-sk","status":"publish","type":"post","link":"https:\/\/www.vfdb.org\/aktuell\/om-dieter-weissbach-df3lr-sk\/","title":{"rendered":"OM Dieter Weissbach, DF3LR sk"},"content":{"rendered":"<p>Erst jetzt haben wir vom Tode unseres\u00a0 ehemaligen stellv. Vorsitzenden Dieter Weissbach, DF3LR \u00a0erfahren.<br \/>\nOM Dieter wurde am 16. Dezember 2021 pl\u00f6tzlich und unerwartet aus seinem Leben gerissen.<\/p>\n<p>1976 trat er nach Ablegen der Lizenzpr\u00fcfung dem VFDB e. V. bei.<br \/>\nNach seiner T\u00e4tigkeit als BVV Schleswig-Holstein wurde Dieter 2012 auf der Hauptversammlung in Meschede zum stellv. Vorsitzenden des VFDB e. V. gew\u00e4hlt, einer Aufgabe, die im viel Freude machte und in die er viel Energie steckte.<br \/>\nDie VFDB-Hauptversammlung 2016 in Flensburg, seinem Heimatort, plante und gestaltete er perfekt.<br \/>\nDiese Hauptversammlung markierte aber auch das Ende seiner Vorstandst\u00e4tigkeit.<br \/>\nEr verlie\u00df den HV mit einem lachenden und weinenden Auge, um sich angesichts der nahenden Pensionierung mehr seiner Familie und den zahlreichen Hobbys zu widmen.<\/p>\n<p>Nun m\u00fcssen wir Dieter in die immer gr\u00f6\u00dfer werdende Schar der Silent Keys einreihen.<\/p>\n<p>Dieter, unsere Gedanken werden auch in Zukunft bei Dir sein.<\/p>\n<p><a class=\"thumbnail\" href=\"https:\/\/www.vfdb.org\/aktuell\/wp-content\/uploads\/2022\/02\/DF3LR.jpg\"><img loading=\"lazy\" decoding=\"async\" class=\"aligncenter size-full wp-image-4385\" src=\"https:\/\/www.vfdb.org\/aktuell\/wp-content\/uploads\/2022\/02\/DF3LR.jpg\" alt=\"\" width=\"243\" height=\"203\" \/><\/a><\/p>\n","protected":false},"excerpt":{"rendered":"<p>Erst jetzt haben wir vom Tode unseres\u00a0 ehemaligen stellv. Vorsitzenden Dieter Weissbach, DF3LR \u00a0erfahren. OM Dieter wurde am 16. Dezember 2021 pl\u00f6tzlich und unerwartet aus seinem Leben gerissen. 1976 trat er nach Ablegen der Lizenzpr\u00fcfung dem VFDB e. V. bei. Nach seiner T\u00e4tigkeit als BVV Schleswig-Holstein wurde Dieter 2012 auf der Hauptversammlung in Meschede zum&hellip; <a href=\"https:\/\/www.vfdb.org\/aktuell\/om-dieter-weissbach-df3lr-sk\/\">Weiterlesen <span class=\"meta-nav\">&rarr;<\/span><\/a><\/p>\n","protected":false},"author":3,"featured_media":0,"comment_status":"closed","ping_status":"closed","sticky":false,"template":"","format":"standard","meta":{"footnotes":""},"categories":[145],"tags":[10],"class_list":["post-4384","post","type-post","status-publish","format-standard","hentry","category-silent-key","tag-silent-key"],"_links":{"self":[{"href":"https:\/\/www.vfdb.org\/aktuell\/wp-json\/wp\/v2\/posts\/4384","targetHints":{"allow":["GET"]}}],"collection":[{"href":"https:\/\/www.vfdb.org\/aktuell\/wp-json\/wp\/v2\/posts"}],"about":[{"href":"https:\/\/www.vfdb.org\/aktuell\/wp-json\/wp\/v2\/types\/post"}],"author":[{"embeddable":true,"href":"https:\/\/www.vfdb.org\/aktuell\/wp-json\/wp\/v2\/users\/3"}],"replies":[{"embeddable":true,"href":"https:\/\/www.vfdb.org\/aktuell\/wp-json\/wp\/v2\/comments?post=4384"}],"version-history":[{"count":2,"href":"https:\/\/www.vfdb.org\/aktuell\/wp-json\/wp\/v2\/posts\/4384\/revisions"}],"predecessor-version":[{"id":4389,"href":"https:\/\/www.vfdb.org\/aktuell\/wp-json\/wp\/v2\/posts\/4384\/revisions\/4389"}],"wp:attachment":[{"href":"https:\/\/www.vfdb.org\/aktuell\/wp-json\/wp\/v2\/media?parent=4384"}],"wp:term":[{"taxonomy":"category","embeddable":true,"href":"https:\/\/www.vfdb.org\/aktuell\/wp-json\/wp\/v2\/categories?post=4384"},{"taxonomy":"post_tag","embeddable":true,"href":"https:\/\/www.vfdb.org\/aktuell\/wp-json\/wp\/v2\/tags?post=4384"}],"curies":[{"name":"wp","href":"https:\/\/api.w.org\/{rel}","templated":true}]}}