{"id":4407,"date":"2022-04-10T20:33:18","date_gmt":"2022-04-10T18:33:18","guid":{"rendered":"https:\/\/www.vfdb.org\/aktuell\/?p=4407"},"modified":"2022-04-10T21:25:14","modified_gmt":"2022-04-10T19:25:14","slug":"vfdb-vorstand-im-amt-bestaetigt","status":"publish","type":"post","link":"https:\/\/www.vfdb.org\/aktuell\/vfdb-vorstand-im-amt-bestaetigt\/","title":{"rendered":"VFDB-Vorstand im Amt best\u00e4tigt"},"content":{"rendered":"<figure id=\"attachment_4406\" class=\"wp-caption thumbnail aligncenter\" style=\"width: 573px;\">\n\t\t\t\t<img loading=\"lazy\" decoding=\"async\" class=\" wp-image-4406\" src=\"https:\/\/www.vfdb.org\/aktuell\/wp-content\/uploads\/2022\/04\/VFDB-Vorstand_2022-300x225.jpg\" alt=\"\" width=\"573\" height=\"430\" srcset=\"https:\/\/www.vfdb.org\/aktuell\/wp-content\/uploads\/2022\/04\/VFDB-Vorstand_2022-300x225.jpg 300w, https:\/\/www.vfdb.org\/aktuell\/wp-content\/uploads\/2022\/04\/VFDB-Vorstand_2022-1024x768.jpg 1024w, https:\/\/www.vfdb.org\/aktuell\/wp-content\/uploads\/2022\/04\/VFDB-Vorstand_2022-768x576.jpg 768w, https:\/\/www.vfdb.org\/aktuell\/wp-content\/uploads\/2022\/04\/VFDB-Vorstand_2022.jpg 1459w\" sizes=\"auto, (max-width: 573px) 100vw, 573px\" \/>\n\t\t\t\t<figcaption class=\"wp-caption-text\">Ersch\u00f6pft, aber mehr als zufrieden: Der alte und neue VFDB-Hauptvorstand nach der Versammlung. V.l.n.r.: J\u00f6rg DL9YBE, Danielo DL7TA, Heribert DG9RAK, J\u00fcrgen DH2OP<\/figcaption>\n\t\t\t<\/figure>\n<p>Am 9. April 2022 trafen sich nach l\u00e4ngerer, pandemiebedingter Zwangspause die Vertreter der VFDB-Bezirksverb\u00e4nde und der Hauptvorstand zu einer Mitgliederversammlung im Hotel Seaside by Meli\u00e0 in Berlin. In harmonischer und konstruktiver Atmosph\u00e4re wurden an diesem Tag erste Weichen f\u00fcr die mittel- und langfristige Zukunft des Verbandes gestellt. Als Gast konnte Ronny, DG2RON vom DARC-Vorstand begr\u00fc\u00dft werden. Wichtigster Tagesordnungspunkt war die \u00fcberf\u00e4llige Wahl des Hauptvorstandes, die aufgrund von COVID-19 und weiterer Umst\u00e4nde in den vergangenen Jahren immer wieder verschoben werden musste.<\/p>\n<p>Neben den bisherigen Vorstandsmitgliedern standen keine weiteren Kandidaten zur Wahl. So konnte der Vorstand auf Beschluss der Versammlung &#8222;im Block&#8220; satzungsgem\u00e4\u00df in einer offenen Wahl wiedergew\u00e4hlt werden. Wir gratulieren dem alten und neuen Vorstand zur Wiederwahl und sind sicher, dass Ihr auch weiterhin ein gutes H\u00e4ndchen bei der Leitung des VFDB haben werdet.<\/p>\n<p>Im Verlauf der Versammlung wurde der 1. Vorsitzende des VFDB, Heribert DG9RAK f\u00fcr 40 Jahre Verbandsmitgliedschaft geehrt.<\/p>\n<p>Nach dem Ende der Versammlung traf man sich abends bei gutem Essen zu konstruktiven Gespr\u00e4chen und Austausch von Anekdoten, sodass dieser Abend erst sp\u00e4t in der Nacht endete. Bereits im Verlauf der Versammlung wurde aufgrund der sehr angenehmen Erfahrung mit dem Tagungshotel beschlossen, dass die n\u00e4chste Hauptversammlung in zwei Jahren wiederum in Berlin stattfinden soll.<\/p>\n<p>Bereits vor Beginn der Versammlung war &#8211; wie angek\u00fcndigt &#8211; OM Wolfgang, DO1JWP (Z86) aus F\u00fcrstenwalde am Samstagvormittag flei\u00dfig und verteilte auf dem Spandau-Relais DB0SP mit der VFDB-Sonderstation DQ0Z den Sonder-DOK VHV22 anl\u00e4sslich der Hauptversammlung unseres Verbandes. DQ0Z wird noch bis zum 30. April durch den BV Berlin-Brandenburg mit dem Sonder-DOK auf vielen B\u00e4ndern und Modes aktiv sein.<\/p>\n<p>Mehr zu der VFDB-Hauptversammlung erfahrt Ihr im kommenden VFDB-Rundspruch, der am 7. Mai erscheinen wird.<\/p>\n","protected":false},"excerpt":{"rendered":"<p>Am 9. April 2022 trafen sich nach l\u00e4ngerer, pandemiebedingter Zwangspause die Vertreter der VFDB-Bezirksverb\u00e4nde und der Hauptvorstand zu einer Mitgliederversammlung im Hotel Seaside by Meli\u00e0 in Berlin. In harmonischer und konstruktiver Atmosph\u00e4re wurden an diesem Tag erste Weichen f\u00fcr die mittel- und langfristige Zukunft des Verbandes gestellt. Als Gast konnte Ronny, DG2RON vom DARC-Vorstand begr\u00fc\u00dft&hellip; <a href=\"https:\/\/www.vfdb.org\/aktuell\/vfdb-vorstand-im-amt-bestaetigt\/\">Weiterlesen <span class=\"meta-nav\">&rarr;<\/span><\/a><\/p>\n","protected":false},"author":12,"featured_media":0,"comment_status":"closed","ping_status":"closed","sticky":false,"template":"","format":"standard","meta":{"footnotes":""},"categories":[1],"tags":[166,165,125,23,30,126,91],"class_list":["post-4407","post","type-post","status-publish","format-standard","hentry","category-qtc","tag-166","tag-berlin","tag-hauptversammlung","tag-hv-info","tag-vhv","tag-vorstand","tag-wahlen"],"_links":{"self":[{"href":"https:\/\/www.vfdb.org\/aktuell\/wp-json\/wp\/v2\/posts\/4407","targetHints":{"allow":["GET"]}}],"collection":[{"href":"https:\/\/www.vfdb.org\/aktuell\/wp-json\/wp\/v2\/posts"}],"about":[{"href":"https:\/\/www.vfdb.org\/aktuell\/wp-json\/wp\/v2\/types\/post"}],"author":[{"embeddable":true,"href":"https:\/\/www.vfdb.org\/aktuell\/wp-json\/wp\/v2\/users\/12"}],"replies":[{"embeddable":true,"href":"https:\/\/www.vfdb.org\/aktuell\/wp-json\/wp\/v2\/comments?post=4407"}],"version-history":[{"count":11,"href":"https:\/\/www.vfdb.org\/aktuell\/wp-json\/wp\/v2\/posts\/4407\/revisions"}],"predecessor-version":[{"id":4420,"href":"https:\/\/www.vfdb.org\/aktuell\/wp-json\/wp\/v2\/posts\/4407\/revisions\/4420"}],"wp:attachment":[{"href":"https:\/\/www.vfdb.org\/aktuell\/wp-json\/wp\/v2\/media?parent=4407"}],"wp:term":[{"taxonomy":"category","embeddable":true,"href":"https:\/\/www.vfdb.org\/aktuell\/wp-json\/wp\/v2\/categories?post=4407"},{"taxonomy":"post_tag","embeddable":true,"href":"https:\/\/www.vfdb.org\/aktuell\/wp-json\/wp\/v2\/tags?post=4407"}],"curies":[{"name":"wp","href":"https:\/\/api.w.org\/{rel}","templated":true}]}}