{"id":4424,"date":"2022-04-27T15:13:06","date_gmt":"2022-04-27T13:13:06","guid":{"rendered":"https:\/\/www.vfdb.org\/aktuell\/?p=4424"},"modified":"2022-04-28T20:54:29","modified_gmt":"2022-04-28T18:54:29","slug":"ov-koblenz-z11-feiert-70-jaehriges-bestehen","status":"publish","type":"post","link":"https:\/\/www.vfdb.org\/aktuell\/ov-koblenz-z11-feiert-70-jaehriges-bestehen\/","title":{"rendered":"OV Koblenz Z11 feiert 70. j\u00e4hriges Bestehen"},"content":{"rendered":"<p><a href=\"https:\/\/www.vfdb.org\/aktuell\/wp-content\/uploads\/2022\/04\/Vereinsbuch.jpg\"><img loading=\"lazy\" decoding=\"async\" class=\"alignright wp-image-4428\" src=\"https:\/\/www.vfdb.org\/aktuell\/wp-content\/uploads\/2022\/04\/Vereinsbuch-300x195.jpg\" alt=\"Bild des Z11 Vereinsbuchs\" width=\"226\" height=\"147\" srcset=\"https:\/\/www.vfdb.org\/aktuell\/wp-content\/uploads\/2022\/04\/Vereinsbuch-300x195.jpg 300w, https:\/\/www.vfdb.org\/aktuell\/wp-content\/uploads\/2022\/04\/Vereinsbuch-768x500.jpg 768w, https:\/\/www.vfdb.org\/aktuell\/wp-content\/uploads\/2022\/04\/Vereinsbuch.jpg 958w\" sizes=\"auto, (max-width: 226px) 100vw, 226px\" \/><\/a><\/p>\n<p>Am 30. April 2022 begeht der OV Koblenz seinen 70. Geburtstag. Im Waldhotel Forsthaus Remstecken findet ab 14 Uhr die geb\u00fchrende Feier statt. Das Waldhotel befindet sich in Sichtweite des Standorts von DB\u00d8ZK. Alle interessierten Mitglieder und Freunde des OV Koblenz sind hierzu herzlich eingeladen.<\/p>\n<p>Der OV Koblenz wurde im Mai 1952 gegr\u00fcndet. In dieser Zeit waren die Zugangsvoraussetzungen noch nicht so streng geregelt wie in den sp\u00e4teren Jahren des VFDB e.V. der am 11. Januar 1950 in Darmstadt gegr\u00fcndet wurde. Somit ist der Verband nur 2 Jahre \u00e4lter als der OV. Zu den 40 Gr\u00fcndungsmitgliedern z\u00e4hlten neben Bediensteten der Deutschen Bundespost auch lizenzierte Funkamateure aus dem Bereichen der Elektro- und Nachrichtentechnik. Ein langj\u00e4hriges Mitglied, OM Horst Weeke, DJ3XW aus der Anfangszeit des OV mit Eintrittsdatum 1.11.1955 ist immer noch aktiv und bei den regelm\u00e4\u00dfigen OV Runden vertreten.<\/p>\n<p>Von der Gr\u00fcndung 1952 bis zum Jahre 1960 wurde von OM M\u00fcller monatlich ein eigenes Bezirksblatt mit Informationen rund um den Amateurfunk herausgegeben. Unser sp\u00e4teres Vorstandsmitglied im Hauptverband des VFDB e.V., OM Edgar, DJ6DN trat 1959 in den OV ein und wurde 1960 sein OVV. Zu den bedeutenden OV Mitgliedern z\u00e4hlt auch OM R\u00fcdiger Gei\u00dfler, DJ9GR. OM R\u00fcdiger war im Rahmen seiner beruflichen T\u00e4tigkeit f\u00fcr die DeCom in Jordanien t\u00e4tig und leitete dort den Infrastrukturaufbau f\u00fcr das Telekommunikationsnetz. Er hatte einen guten Draht zu K\u00f6nig Hussein, JY1 dessen QSL Manger er wurde.<a class=\"\" href=\"https:\/\/www.vfdb.org\/aktuell\/wp-content\/uploads\/2022\/04\/Tuermchen_1-rotated.jpg\"><img loading=\"lazy\" decoding=\"async\" class=\"alignright wp-image-4429\" src=\"https:\/\/www.vfdb.org\/aktuell\/wp-content\/uploads\/2022\/04\/Tuermchen_1-768x1024.jpg\" alt=\"Bild des T\u00fcrmchens\" width=\"159\" height=\"212\" srcset=\"https:\/\/www.vfdb.org\/aktuell\/wp-content\/uploads\/2022\/04\/Tuermchen_1-768x1024.jpg 768w, https:\/\/www.vfdb.org\/aktuell\/wp-content\/uploads\/2022\/04\/Tuermchen_1-225x300.jpg 225w, https:\/\/www.vfdb.org\/aktuell\/wp-content\/uploads\/2022\/04\/Tuermchen_1-1152x1536.jpg 1152w, https:\/\/www.vfdb.org\/aktuell\/wp-content\/uploads\/2022\/04\/Tuermchen_1-rotated.jpg 1254w\" sizes=\"auto, (max-width: 159px) 100vw, 159px\" \/><\/a><\/p>\n<p>Der OV Koblenz hatte seit der Gr\u00fcndung bis zum Jahr 2000 seine Clubstation DL\u00d8KO und den OV \u00a0Raum im Koblenzer T\u00fcrmchen. Dies war ein sechseckiger Anbau an das damalige OPD Geb\u00e4ude und diente unter anderem als Beobachtungspunkt um entstehende Br\u00e4nde rechtzeitig entdecken zu k\u00f6nnen. Die R\u00e4ume des OV erstreckten\u00a0sich \u00fcber 2 Stockwerke wobei sogar eine 11 Element 2 m Antenne drehbar im Geb\u00e4ude aufgebaut war. Ab 2000 bis zum Jahre 2020 musste die Clubstation in die Von-Kuhl-Stra\u00dfe ziehen, da das OPD Geb\u00e4ude verkauft worden war. Auch das hier ans\u00e4ssige Sendergeb\u00e4ude des MW Senders Radio Koblenz wurde verkauft und so ist s\u00e4mtliches Inventar des OV aktuell eingelagert. Man such nach einer neuen bezahlbaren Bleibe.<\/p>\n<p>Der heutige Relaisstandort von DB\u00d8ZK auf dem Fernmeldeturm Koblenz 1\u00d8 wurde schon in der Rohbauphase des Bauwerks bezogen und beheimatet immer noch die unterschiedlichsten\u00a0 Relais des Ortsverband. Aktuell hat der Ortsverband 38 Mitglieder, davon eine YL. Alle Mitglieder sind lizenziert. Der OV wird seit langer Zeit von OM J\u00fcrgen, DF7WL gef\u00fchrt. Ihm gilt gro\u00dfer Dank f\u00fcr seine unerm\u00fcdliche OV Arbeit und die vielen, von ihm initiierte Funkaktivit\u00e4ten mit diversen Sonder DOK und Sonderrufzeichen.<\/p>\n<p><a href=\"https:\/\/www.vfdb.org\/aktuell\/wp-content\/uploads\/2022\/04\/DL0KO_QSL.jpg\"><br \/>\n<img loading=\"lazy\" decoding=\"async\" class=\"alignleft wp-image-4427\" src=\"https:\/\/www.vfdb.org\/aktuell\/wp-content\/uploads\/2022\/04\/DL0KO_QSL.jpg\" alt=\"\" width=\"217\" height=\"155\" srcset=\"https:\/\/www.vfdb.org\/aktuell\/wp-content\/uploads\/2022\/04\/DL0KO_QSL.jpg 945w, https:\/\/www.vfdb.org\/aktuell\/wp-content\/uploads\/2022\/04\/DL0KO_QSL-300x215.jpg 300w, https:\/\/www.vfdb.org\/aktuell\/wp-content\/uploads\/2022\/04\/DL0KO_QSL-768x549.jpg 768w\" sizes=\"auto, (max-width: 217px) 100vw, 217px\" \/><\/a><\/p>\n<p>&nbsp;<\/p>\n<p>&nbsp;<\/p>\n<p>&nbsp;<\/p>\n<p>&nbsp;<\/p>\n<p>&nbsp;<\/p>\n<p>&nbsp;<\/p>\n","protected":false},"excerpt":{"rendered":"<p>Am 30. April 2022 begeht der OV Koblenz seinen 70. Geburtstag. Im Waldhotel Forsthaus Remstecken findet ab 14 Uhr die geb\u00fchrende Feier statt. Das Waldhotel befindet sich in Sichtweite des Standorts von DB\u00d8ZK. Alle interessierten Mitglieder und Freunde des OV Koblenz sind hierzu herzlich eingeladen. Der OV Koblenz wurde im Mai 1952 gegr\u00fcndet. In dieser&hellip; <a href=\"https:\/\/www.vfdb.org\/aktuell\/ov-koblenz-z11-feiert-70-jaehriges-bestehen\/\">Weiterlesen <span class=\"meta-nav\">&rarr;<\/span><\/a><\/p>\n","protected":false},"author":3,"featured_media":0,"comment_status":"closed","ping_status":"closed","sticky":false,"template":"","format":"standard","meta":{"footnotes":""},"categories":[1],"tags":[],"class_list":["post-4424","post","type-post","status-publish","format-standard","hentry","category-qtc"],"_links":{"self":[{"href":"https:\/\/www.vfdb.org\/aktuell\/wp-json\/wp\/v2\/posts\/4424","targetHints":{"allow":["GET"]}}],"collection":[{"href":"https:\/\/www.vfdb.org\/aktuell\/wp-json\/wp\/v2\/posts"}],"about":[{"href":"https:\/\/www.vfdb.org\/aktuell\/wp-json\/wp\/v2\/types\/post"}],"author":[{"embeddable":true,"href":"https:\/\/www.vfdb.org\/aktuell\/wp-json\/wp\/v2\/users\/3"}],"replies":[{"embeddable":true,"href":"https:\/\/www.vfdb.org\/aktuell\/wp-json\/wp\/v2\/comments?post=4424"}],"version-history":[{"count":13,"href":"https:\/\/www.vfdb.org\/aktuell\/wp-json\/wp\/v2\/posts\/4424\/revisions"}],"predecessor-version":[{"id":4441,"href":"https:\/\/www.vfdb.org\/aktuell\/wp-json\/wp\/v2\/posts\/4424\/revisions\/4441"}],"wp:attachment":[{"href":"https:\/\/www.vfdb.org\/aktuell\/wp-json\/wp\/v2\/media?parent=4424"}],"wp:term":[{"taxonomy":"category","embeddable":true,"href":"https:\/\/www.vfdb.org\/aktuell\/wp-json\/wp\/v2\/categories?post=4424"},{"taxonomy":"post_tag","embeddable":true,"href":"https:\/\/www.vfdb.org\/aktuell\/wp-json\/wp\/v2\/tags?post=4424"}],"curies":[{"name":"wp","href":"https:\/\/api.w.org\/{rel}","templated":true}]}}