{"id":4452,"date":"2022-05-30T12:55:06","date_gmt":"2022-05-30T10:55:06","guid":{"rendered":"https:\/\/www.vfdb.org\/aktuell\/?p=4452"},"modified":"2022-05-30T12:55:06","modified_gmt":"2022-05-30T10:55:06","slug":"erwin-firner-dc5gf-neuer-bvv-in-baden","status":"publish","type":"post","link":"https:\/\/www.vfdb.org\/aktuell\/erwin-firner-dc5gf-neuer-bvv-in-baden\/","title":{"rendered":"Erwin Firner DC5GF neuer BVV in Baden"},"content":{"rendered":"<p>Die Ortsverbandsvorsitzenden des Bezirksverbandes Baden haben auf ihrer letzten Versammlung OM Erwin Firner, DC5GF, zu ihrem neuen Bezirksverbandsvorstand gew\u00e4hlt.<br \/>\nErwin tritt damit die Nachfolge von Gerhard Binz, DB5GG, an, der diesen Posten viele, viele Jahre inne hatte.<br \/>\nOM Firner ist Jahrgang 1955, studierter Nachrichtentechniker, seit 1973 Funkamateur und plante zuletzt bei der DTAG DAB- und DVB-T-Netze.<br \/>\nDer Vorstand w\u00fcnscht ihm alles Gute, viel Erfolg und vor allem Spa\u00df bei der neuen Aufgabe und m\u00f6chte es nat\u00fcrlich auch nicht vers\u00e4umen, sich bei OM Binz f\u00fcr dessen lange und vertrauensvolle Zusammenarbeit im Kreise der BVV zu bedanken.<br \/>\n<img loading=\"lazy\" decoding=\"async\" src=\"https:\/\/www.vfdb.org\/aktuell\/wp-content\/uploads\/2022\/05\/360.jpg\" alt=\"\" width=\"535\" height=\"800\" class=\"thumbnail alignleft size-full wp-image-4453\" srcset=\"https:\/\/www.vfdb.org\/aktuell\/wp-content\/uploads\/2022\/05\/360.jpg 535w, https:\/\/www.vfdb.org\/aktuell\/wp-content\/uploads\/2022\/05\/360-201x300.jpg 201w\" sizes=\"auto, (max-width: 535px) 100vw, 535px\" \/><\/p>\n","protected":false},"excerpt":{"rendered":"<p>Die Ortsverbandsvorsitzenden des Bezirksverbandes Baden haben auf ihrer letzten Versammlung OM Erwin Firner, DC5GF, zu ihrem neuen Bezirksverbandsvorstand gew\u00e4hlt. Erwin tritt damit die Nachfolge von Gerhard Binz, DB5GG, an, der diesen Posten viele, viele Jahre inne hatte. OM Firner ist Jahrgang 1955, studierter Nachrichtentechniker, seit 1973 Funkamateur und plante zuletzt bei der DTAG DAB- und&hellip; <a href=\"https:\/\/www.vfdb.org\/aktuell\/erwin-firner-dc5gf-neuer-bvv-in-baden\/\">Weiterlesen <span class=\"meta-nav\">&rarr;<\/span><\/a><\/p>\n","protected":false},"author":11,"featured_media":0,"comment_status":"closed","ping_status":"closed","sticky":false,"template":"","format":"standard","meta":{"footnotes":""},"categories":[1],"tags":[],"class_list":["post-4452","post","type-post","status-publish","format-standard","hentry","category-qtc"],"_links":{"self":[{"href":"https:\/\/www.vfdb.org\/aktuell\/wp-json\/wp\/v2\/posts\/4452","targetHints":{"allow":["GET"]}}],"collection":[{"href":"https:\/\/www.vfdb.org\/aktuell\/wp-json\/wp\/v2\/posts"}],"about":[{"href":"https:\/\/www.vfdb.org\/aktuell\/wp-json\/wp\/v2\/types\/post"}],"author":[{"embeddable":true,"href":"https:\/\/www.vfdb.org\/aktuell\/wp-json\/wp\/v2\/users\/11"}],"replies":[{"embeddable":true,"href":"https:\/\/www.vfdb.org\/aktuell\/wp-json\/wp\/v2\/comments?post=4452"}],"version-history":[{"count":1,"href":"https:\/\/www.vfdb.org\/aktuell\/wp-json\/wp\/v2\/posts\/4452\/revisions"}],"predecessor-version":[{"id":4454,"href":"https:\/\/www.vfdb.org\/aktuell\/wp-json\/wp\/v2\/posts\/4452\/revisions\/4454"}],"wp:attachment":[{"href":"https:\/\/www.vfdb.org\/aktuell\/wp-json\/wp\/v2\/media?parent=4452"}],"wp:term":[{"taxonomy":"category","embeddable":true,"href":"https:\/\/www.vfdb.org\/aktuell\/wp-json\/wp\/v2\/categories?post=4452"},{"taxonomy":"post_tag","embeddable":true,"href":"https:\/\/www.vfdb.org\/aktuell\/wp-json\/wp\/v2\/tags?post=4452"}],"curies":[{"name":"wp","href":"https:\/\/api.w.org\/{rel}","templated":true}]}}