{"id":4915,"date":"2023-04-23T11:35:06","date_gmt":"2023-04-23T09:35:06","guid":{"rendered":"https:\/\/www.vfdb.org\/aktuell\/?p=4915"},"modified":"2025-12-29T15:54:42","modified_gmt":"2025-12-29T14:54:42","slug":"z60-coesfeld-aktiviert-dl0rta-im-mai-2023","status":"publish","type":"post","link":"https:\/\/www.vfdb.org\/aktuell\/z60-coesfeld-aktiviert-dl0rta-im-mai-2023\/","title":{"rendered":"Z60 aktiviert DL0RTA im Mai 2023"},"content":{"rendered":"<p><span style=\"font-weight: 400;\">Wie wir auf der Facebook gelesen haben, aktiviert der OV Z60 vom 01.05.23 bis zum 07.05.23 anl\u00e4\u00dflich der Feierlichkeiten zum 375-zigsten Westf\u00e4lischen Frieden <\/span><span style=\"font-weight: 400;\">zu M\u00fcnster\/Osnabr\u00fcck das Sonderrufzeichen DL0RTA mit dem Sonder DOK RTA<\/span><\/p>\n<p><span style=\"font-weight: 400;\">Neben 40 m, wird auch der 2 m\/ und 70 cm, sowie in DMR und C4FM Funkbetrieb gemacht. Anfragen zu Skeed-Terminen gerne an DBQN per E-Mail.<\/span><\/p>\n","protected":false},"excerpt":{"rendered":"<p>Wie wir auf der Facebook gelesen haben, aktiviert der OV Z60 vom 01.05.23 bis zum 07.05.23 anl\u00e4\u00dflich der Feierlichkeiten zum 375-zigsten Westf\u00e4lischen Frieden zu M\u00fcnster\/Osnabr\u00fcck das Sonderrufzeichen DL0RTA mit dem Sonder DOK RTA Neben 40 m, wird auch der 2 m\/ und 70 cm, sowie in DMR und C4FM Funkbetrieb gemacht. Anfragen zu Skeed-Terminen gerne&hellip; <a href=\"https:\/\/www.vfdb.org\/aktuell\/z60-coesfeld-aktiviert-dl0rta-im-mai-2023\/\">Weiterlesen <span class=\"meta-nav\">&rarr;<\/span><\/a><\/p>\n","protected":false},"author":9,"featured_media":0,"comment_status":"closed","ping_status":"closed","sticky":false,"template":"","format":"standard","meta":{"footnotes":""},"categories":[1],"tags":[190],"class_list":["post-4915","post","type-post","status-publish","format-standard","hentry","category-qtc","tag-z60"],"_links":{"self":[{"href":"https:\/\/www.vfdb.org\/aktuell\/wp-json\/wp\/v2\/posts\/4915","targetHints":{"allow":["GET"]}}],"collection":[{"href":"https:\/\/www.vfdb.org\/aktuell\/wp-json\/wp\/v2\/posts"}],"about":[{"href":"https:\/\/www.vfdb.org\/aktuell\/wp-json\/wp\/v2\/types\/post"}],"author":[{"embeddable":true,"href":"https:\/\/www.vfdb.org\/aktuell\/wp-json\/wp\/v2\/users\/9"}],"replies":[{"embeddable":true,"href":"https:\/\/www.vfdb.org\/aktuell\/wp-json\/wp\/v2\/comments?post=4915"}],"version-history":[{"count":2,"href":"https:\/\/www.vfdb.org\/aktuell\/wp-json\/wp\/v2\/posts\/4915\/revisions"}],"predecessor-version":[{"id":4958,"href":"https:\/\/www.vfdb.org\/aktuell\/wp-json\/wp\/v2\/posts\/4915\/revisions\/4958"}],"wp:attachment":[{"href":"https:\/\/www.vfdb.org\/aktuell\/wp-json\/wp\/v2\/media?parent=4915"}],"wp:term":[{"taxonomy":"category","embeddable":true,"href":"https:\/\/www.vfdb.org\/aktuell\/wp-json\/wp\/v2\/categories?post=4915"},{"taxonomy":"post_tag","embeddable":true,"href":"https:\/\/www.vfdb.org\/aktuell\/wp-json\/wp\/v2\/tags?post=4915"}],"curies":[{"name":"wp","href":"https:\/\/api.w.org\/{rel}","templated":true}]}}