{"id":5050,"date":"2023-03-29T13:14:01","date_gmt":"2023-03-29T11:14:01","guid":{"rendered":"https:\/\/www.vfdb.org\/aktuell\/?p=5050"},"modified":"2023-03-29T13:16:59","modified_gmt":"2023-03-29T11:16:59","slug":"bv-versammlung-baden","status":"publish","type":"post","link":"https:\/\/www.vfdb.org\/aktuell\/bv-versammlung-baden\/","title":{"rendered":"BV Versammlung Baden"},"content":{"rendered":"<p>Zum ersten mal hat der im letzten Jahr neu gew\u00e4hlte BVV von Baden, Erwin Firner, DC5GF zur BV Versammlung nach Appenweier eingeladen.<br \/>\nDer Einladung sind\u00a0 5 Ortsverb\u00e4nde gefolgt.<br \/>\nGerhard Binz, DB5GG der letztes Jahr den Staffelstab an OM Erwin \u00fcbergeben hat, hat sich bereiterkl\u00e4rt die Aufgabe des Protokollf\u00fchrers zu \u00fcbernehmen.<br \/>\nOM Gerhard hat den BV 32 Jahre lang als BVV gef\u00fchrt. Er hat zusammen mit OM Rolf Kr\u00fcger, DL2MB die Chronik f\u00fcr die leider ausgefallene 70 Jahrfeier des VFDB erstellt. OM Gerhard war auch 2012 bei der au\u00dferordentlichen Versammlung in Meschede in den VFDB Vorstand gelost worden. Das Vorstandsamt hat er bis 2016 gekleidet. Danke nochmals an dieser Stelle f\u00fcr die ehrenamtliche Arbeit im Verband und das weitere Wirken im seinem OV Freiburg.<br \/>\nDer BV Kassenverwalter OM Hartmut, DK6IV konnte einen ausgewogene Kassenbericht abgeben. Die im Laufe der Versammlung abgegeben T\u00e4tigkeitsberichte der Ortsverb\u00e4nde zeigen, dass der BV viele Aktive in seiner Region hat.<br \/>\nDer ebenfalls anwesende Vorsitzende des VFDB e.V. OM Heribert, DG9RAK gab einen \u00dcberblick \u00fcber die F\u00f6rderungsm\u00f6glichkeiten im Verband und freute sich, bekannte und unbekannte Gesichter zu treffen.<\/p>\n<p><a class=\"thumbnail\" href=\"https:\/\/www.vfdb.org\/aktuell\/wp-content\/uploads\/2023\/03\/Baden-BV-1.jpeg\"><img loading=\"lazy\" decoding=\"async\" class=\"aligncenter size-large wp-image-5054\" src=\"https:\/\/www.vfdb.org\/aktuell\/wp-content\/uploads\/2023\/03\/Baden-BV-1-1024x322.jpeg\" alt=\"\" width=\"770\" height=\"242\" srcset=\"https:\/\/www.vfdb.org\/aktuell\/wp-content\/uploads\/2023\/03\/Baden-BV-1-1024x322.jpeg 1024w, https:\/\/www.vfdb.org\/aktuell\/wp-content\/uploads\/2023\/03\/Baden-BV-1-300x94.jpeg 300w, https:\/\/www.vfdb.org\/aktuell\/wp-content\/uploads\/2023\/03\/Baden-BV-1-768x242.jpeg 768w, https:\/\/www.vfdb.org\/aktuell\/wp-content\/uploads\/2023\/03\/Baden-BV-1.jpeg 1467w\" sizes=\"auto, (max-width: 770px) 100vw, 770px\" \/><\/a><\/p>\n","protected":false},"excerpt":{"rendered":"<p>Zum ersten mal hat der im letzten Jahr neu gew\u00e4hlte BVV von Baden, Erwin Firner, DC5GF zur BV Versammlung nach Appenweier eingeladen. Der Einladung sind\u00a0 5 Ortsverb\u00e4nde gefolgt. Gerhard Binz, DB5GG der letztes Jahr den Staffelstab an OM Erwin \u00fcbergeben hat, hat sich bereiterkl\u00e4rt die Aufgabe des Protokollf\u00fchrers zu \u00fcbernehmen. OM Gerhard hat den BV&hellip; <a href=\"https:\/\/www.vfdb.org\/aktuell\/bv-versammlung-baden\/\">Weiterlesen <span class=\"meta-nav\">&rarr;<\/span><\/a><\/p>\n","protected":false},"author":9,"featured_media":0,"comment_status":"closed","ping_status":"closed","sticky":false,"template":"","format":"standard","meta":{"footnotes":""},"categories":[1],"tags":[],"class_list":["post-5050","post","type-post","status-publish","format-standard","hentry","category-qtc"],"_links":{"self":[{"href":"https:\/\/www.vfdb.org\/aktuell\/wp-json\/wp\/v2\/posts\/5050","targetHints":{"allow":["GET"]}}],"collection":[{"href":"https:\/\/www.vfdb.org\/aktuell\/wp-json\/wp\/v2\/posts"}],"about":[{"href":"https:\/\/www.vfdb.org\/aktuell\/wp-json\/wp\/v2\/types\/post"}],"author":[{"embeddable":true,"href":"https:\/\/www.vfdb.org\/aktuell\/wp-json\/wp\/v2\/users\/9"}],"replies":[{"embeddable":true,"href":"https:\/\/www.vfdb.org\/aktuell\/wp-json\/wp\/v2\/comments?post=5050"}],"version-history":[{"count":5,"href":"https:\/\/www.vfdb.org\/aktuell\/wp-json\/wp\/v2\/posts\/5050\/revisions"}],"predecessor-version":[{"id":5057,"href":"https:\/\/www.vfdb.org\/aktuell\/wp-json\/wp\/v2\/posts\/5050\/revisions\/5057"}],"wp:attachment":[{"href":"https:\/\/www.vfdb.org\/aktuell\/wp-json\/wp\/v2\/media?parent=5050"}],"wp:term":[{"taxonomy":"category","embeddable":true,"href":"https:\/\/www.vfdb.org\/aktuell\/wp-json\/wp\/v2\/categories?post=5050"},{"taxonomy":"post_tag","embeddable":true,"href":"https:\/\/www.vfdb.org\/aktuell\/wp-json\/wp\/v2\/tags?post=5050"}],"curies":[{"name":"wp","href":"https:\/\/api.w.org\/{rel}","templated":true}]}}