{"id":5116,"date":"2023-06-17T13:35:20","date_gmt":"2023-06-17T11:35:20","guid":{"rendered":"https:\/\/www.vfdb.org\/aktuell\/?p=5116"},"modified":"2023-06-17T13:35:20","modified_gmt":"2023-06-17T11:35:20","slug":"der-ov-leer-hat-einen-neuen-vorstand","status":"publish","type":"post","link":"https:\/\/www.vfdb.org\/aktuell\/der-ov-leer-hat-einen-neuen-vorstand\/","title":{"rendered":"Der OV Leer hat einen neuen Vorstand"},"content":{"rendered":"<p>Am 5.6. traf sich der OV Leer zu seiner diesj\u00e4hrigen Hauptversammlung. Auf dieser wurde G\u00fcnther, DL1BAV, zum neuen Ortsverbandsvorsitzenden und Burkhard, DL5KAT, zu seinem Stellvertreter gew\u00e4hlt. G\u00fcnther \u00fcbernimmt damit das Amt von Jannes, DL2BV, der den OV \u00fcber viele Jahre sehr erfolgreich gef\u00fchrt hat.<br \/>\nDer Vorstand dankt Jannes f\u00fcr seine Arbeit und w\u00fcnscht G\u00fcnther und Burkhard viel Spa\u00df und Erfolg f\u00fcr die Zukunft!<\/p>\n","protected":false},"excerpt":{"rendered":"<p>Am 5.6. traf sich der OV Leer zu seiner diesj\u00e4hrigen Hauptversammlung. Auf dieser wurde G\u00fcnther, DL1BAV, zum neuen Ortsverbandsvorsitzenden und Burkhard, DL5KAT, zu seinem Stellvertreter gew\u00e4hlt. G\u00fcnther \u00fcbernimmt damit das Amt von Jannes, DL2BV, der den OV \u00fcber viele Jahre sehr erfolgreich gef\u00fchrt hat. Der Vorstand dankt Jannes f\u00fcr seine Arbeit und w\u00fcnscht G\u00fcnther und&hellip; <a href=\"https:\/\/www.vfdb.org\/aktuell\/der-ov-leer-hat-einen-neuen-vorstand\/\">Weiterlesen <span class=\"meta-nav\">&rarr;<\/span><\/a><\/p>\n","protected":false},"author":11,"featured_media":0,"comment_status":"closed","ping_status":"closed","sticky":false,"template":"","format":"standard","meta":{"footnotes":""},"categories":[1],"tags":[],"class_list":["post-5116","post","type-post","status-publish","format-standard","hentry","category-qtc"],"_links":{"self":[{"href":"https:\/\/www.vfdb.org\/aktuell\/wp-json\/wp\/v2\/posts\/5116","targetHints":{"allow":["GET"]}}],"collection":[{"href":"https:\/\/www.vfdb.org\/aktuell\/wp-json\/wp\/v2\/posts"}],"about":[{"href":"https:\/\/www.vfdb.org\/aktuell\/wp-json\/wp\/v2\/types\/post"}],"author":[{"embeddable":true,"href":"https:\/\/www.vfdb.org\/aktuell\/wp-json\/wp\/v2\/users\/11"}],"replies":[{"embeddable":true,"href":"https:\/\/www.vfdb.org\/aktuell\/wp-json\/wp\/v2\/comments?post=5116"}],"version-history":[{"count":1,"href":"https:\/\/www.vfdb.org\/aktuell\/wp-json\/wp\/v2\/posts\/5116\/revisions"}],"predecessor-version":[{"id":5117,"href":"https:\/\/www.vfdb.org\/aktuell\/wp-json\/wp\/v2\/posts\/5116\/revisions\/5117"}],"wp:attachment":[{"href":"https:\/\/www.vfdb.org\/aktuell\/wp-json\/wp\/v2\/media?parent=5116"}],"wp:term":[{"taxonomy":"category","embeddable":true,"href":"https:\/\/www.vfdb.org\/aktuell\/wp-json\/wp\/v2\/categories?post=5116"},{"taxonomy":"post_tag","embeddable":true,"href":"https:\/\/www.vfdb.org\/aktuell\/wp-json\/wp\/v2\/tags?post=5116"}],"curies":[{"name":"wp","href":"https:\/\/api.w.org\/{rel}","templated":true}]}}