{"id":5120,"date":"2023-06-18T12:10:22","date_gmt":"2023-06-18T10:10:22","guid":{"rendered":"https:\/\/www.vfdb.org\/aktuell\/?p=5120"},"modified":"2026-02-05T22:11:41","modified_gmt":"2026-02-05T21:11:41","slug":"nicht-reden-machen-zulutalk-am-20-juni-20-uhr-lt","status":"publish","type":"post","link":"https:\/\/www.vfdb.org\/aktuell\/nicht-reden-machen-zulutalk-am-20-juni-20-uhr-lt\/","title":{"rendered":"Nicht reden &#8211; MACHEN &#8211; ZuluTalk am 20. Juni &#8211; 20 Uhr LT"},"content":{"rendered":"<p>Der n\u00e4chste ZuluTalk soll unter dem Motto &#8222;Nicht reden &#8211; MACHEN&#8220; stehen.<br \/>\nWir haben im Verband einige Ortsgruppen, die bereits Veranstaltungen f\u00fcr die breite \u00d6ffentlichkeit teilweise regelm\u00e4\u00dfig anbieten.<br \/>\nDiesmal wollen wir die Macher mit denen zusammenbringen, die solche Veranstaltungen schon lagen durchf\u00fchren wollen aber vielleicht noch den einen oder anderen Tipp ben\u00f6tigen.<br \/>\nEin wichtiges Aufgabengebiet ist hierbei euch die Pressearbeit. Vielleicht findet sich ein Teilnehmer der speziell hier schon gro\u00dfe Erfahrung hat und sein Wissen weitergeben will.<\/p>\n<p>Gerade die beginnende Ferienzeit bietet einiges an Terminauswahl wo sich Funkamateure anh\u00e4ngen k\u00f6nnen.<\/p>\n<p>F\u00fcr die Teilnahme zum ZuluTalk ben\u00f6tigt ihr den Link:<br \/>\nhttps:\/\/meet.jit.si\/zulutalk<\/p>\n<p>Hier nochmals der Hinweis zum Ablauf.<br \/>\nDa JIT.SI jeden, der den Link kennt, zur Konferenz hinzuf\u00fcgt, kann es zu Problemen kommen, die wir nicht einsch\u00e4tzen k\u00f6nnen.<br \/>\nF\u00fcr diesen Fall werden wir w\u00e4hrend der Konferenz auf Zugang mit Passwort umstellen.<br \/>\nSollte jemand sp\u00e4ter teilnehmen wollen und ihr scheitert an der Passwortsperre ist dieser Fall eingetreten.<br \/>\nBeim letzten Termin hat uns z.B. der Server der Plattform JIT.SI alle Audiokan\u00e4le stumm geschaltet.<br \/>\nWir haben dann im Chat die Adresse zum VFDB eigenen BBB Server zur Verf\u00fcgung gestellt.<br \/>\nUnter der Mailadresse vfdb.hv bei gmail.com bekommt ihr das Passwort gerne w\u00e4hrend der Konferenz zugesandt.<\/p>\n<p>Noch eine Bitte \u2013 tragt bitte vor Eintritt in die Konferenz mindesten euren Namen und euer Rufzeichen (soweit vorhanden) in die Maske ein.<\/p>\n<p>Der ZuluTalk macht dann Sommerpause bis September<\/p>\n","protected":false},"excerpt":{"rendered":"<p>Der n\u00e4chste ZuluTalk soll unter dem Motto &#8222;Nicht reden &#8211; MACHEN&#8220; stehen. Wir haben im Verband einige Ortsgruppen, die bereits Veranstaltungen f\u00fcr die breite \u00d6ffentlichkeit teilweise regelm\u00e4\u00dfig anbieten. Diesmal wollen wir die Macher mit denen zusammenbringen, die solche Veranstaltungen schon lagen durchf\u00fchren wollen aber vielleicht noch den einen oder anderen Tipp ben\u00f6tigen. Ein wichtiges Aufgabengebiet&hellip; <a href=\"https:\/\/www.vfdb.org\/aktuell\/nicht-reden-machen-zulutalk-am-20-juni-20-uhr-lt\/\">Weiterlesen <span class=\"meta-nav\">&rarr;<\/span><\/a><\/p>\n","protected":false},"author":3,"featured_media":0,"comment_status":"closed","ping_status":"closed","sticky":false,"template":"","format":"standard","meta":{"footnotes":""},"categories":[1],"tags":[203],"class_list":["post-5120","post","type-post","status-publish","format-standard","hentry","category-qtc","tag-zulu-talk"],"_links":{"self":[{"href":"https:\/\/www.vfdb.org\/aktuell\/wp-json\/wp\/v2\/posts\/5120","targetHints":{"allow":["GET"]}}],"collection":[{"href":"https:\/\/www.vfdb.org\/aktuell\/wp-json\/wp\/v2\/posts"}],"about":[{"href":"https:\/\/www.vfdb.org\/aktuell\/wp-json\/wp\/v2\/types\/post"}],"author":[{"embeddable":true,"href":"https:\/\/www.vfdb.org\/aktuell\/wp-json\/wp\/v2\/users\/3"}],"replies":[{"embeddable":true,"href":"https:\/\/www.vfdb.org\/aktuell\/wp-json\/wp\/v2\/comments?post=5120"}],"version-history":[{"count":2,"href":"https:\/\/www.vfdb.org\/aktuell\/wp-json\/wp\/v2\/posts\/5120\/revisions"}],"predecessor-version":[{"id":5125,"href":"https:\/\/www.vfdb.org\/aktuell\/wp-json\/wp\/v2\/posts\/5120\/revisions\/5125"}],"wp:attachment":[{"href":"https:\/\/www.vfdb.org\/aktuell\/wp-json\/wp\/v2\/media?parent=5120"}],"wp:term":[{"taxonomy":"category","embeddable":true,"href":"https:\/\/www.vfdb.org\/aktuell\/wp-json\/wp\/v2\/categories?post=5120"},{"taxonomy":"post_tag","embeddable":true,"href":"https:\/\/www.vfdb.org\/aktuell\/wp-json\/wp\/v2\/tags?post=5120"}],"curies":[{"name":"wp","href":"https:\/\/api.w.org\/{rel}","templated":true}]}}