{"id":5121,"date":"2023-06-19T10:51:09","date_gmt":"2023-06-19T08:51:09","guid":{"rendered":"https:\/\/www.vfdb.org\/aktuell\/?p=5121"},"modified":"2023-06-24T21:52:58","modified_gmt":"2023-06-24T19:52:58","slug":"dnat-vom-24-27-8-2023","status":"publish","type":"post","link":"https:\/\/www.vfdb.org\/aktuell\/dnat-vom-24-27-8-2023\/","title":{"rendered":"DNAT vom 24. &#8211; 27. August 2023"},"content":{"rendered":"<p>Am Wochenende vom 24. &#8211; 27. August finden dieses Jahr die 55. Deutsch-Niederl\u00e4ndischen Amateurfunkertage in Bad Bentheim statt. Der VFDB e.V. wird durch die Vorstandsmitglieder OM Heribert, DG9RAK und OM Danielo, DL7TA vertreten sein.<br \/>\nDer <a href=\"https:\/\/www.vfdb-z60.de\/\" target=\"_blank\" rel=\"noopener\">OV Coesfeld, Z60<\/a>, wird am Samstag im Foyer des Burg Gymnasiums Bad Bentheim einen Infostand betreiben.<\/p>\n<p>Das vorl\u00e4ufige Programm:<\/p>\n<div class=\"x11i5rnm xat24cr x1mh8g0r x1vvkbs xtlvy1s x126k92a\">\n<div dir=\"auto\">Frei\ud835\udc2d\ud835\udc1a\ud835\udc20, \ud835\udc1d\ud835\udc1e\ud835\udc27 \ud835\udfd05. \ud835\udc00\ud835\udc2e\ud835\udc20\ud835\udc2e\ud835\udc2c\ud835\udc2d \ud835\udfd0\ud835\udfce\ud835\udfd0\ud835\udfd1<br \/>\n10:00 \u2013 14:00 : Beim DNAT Campingplatz kann man sich \u00fcber das kommende Wochenende informieren.<\/div>\n<div dir=\"auto\">Programmhefte und Tagungsplakette sind ebenfalls erh\u00e4ltlich.<\/div>\n<\/div>\n<div class=\"x11i5rnm xat24cr x1mh8g0r x1vvkbs xtlvy1s x126k92a\">\n<div dir=\"auto\">15:00 : Offizielle Er\u00f6ffnung der DNAT im Sitzungsaal des Rathauses von Bad Bentheim.<\/div>\n<div dir=\"auto\">Adresse: Schlo\u00dfstra\u00dfe 2, 48455 Bad Bentheim<\/div>\n<div dir=\"auto\">Der Sitzungssaal ist barrierefrei \u00fcber einen Aufzug zu erreichen. Programmhefte und Tagungsplaketten sind ab 14:30 erh\u00e4ltlich.<\/div>\n<\/div>\n<div class=\"x11i5rnm xat24cr x1mh8g0r x1vvkbs xtlvy1s x126k92a\">\n<div dir=\"auto\">20:00 : Begr\u00fc\u00dfungsabend auf dem DNAT-Campingplatz \u201eAm Badepark\u201c.<\/div>\n<\/div>\n<div class=\"x11i5rnm xat24cr x1mh8g0r x1vvkbs xtlvy1s x126k92a\">\n<div dir=\"auto\">\ud835\udc12\ud835\udc1a\ud835\udc26\ud835\udc2c\ud835\udc2d\ud835\udc1a\ud835\udc20, \ud835\udc1d\ud835\udc1e\ud835\udc27 \ud835\udfd0\ud835\udfd4. \ud835\udc00\ud835\udc2e\ud835\udc20\ud835\udc2e\ud835\udc2c\ud835\udc2d \ud835\udfd0\ud835\udfce\ud835\udfd0\ud835\udfd1<\/div>\n<\/div>\n<div class=\"x11i5rnm xat24cr x1mh8g0r x1vvkbs xtlvy1s x126k92a\">\n<div dir=\"auto\">08:00 \u2013 15:00 : HAM-B\u00d6RSE Ger\u00e4teausstellung und Amateurfunkflohmarkt im Forum vom Burg Gymnasium und dem daneben liegenden Gel\u00e4nde.<\/div>\n<div dir=\"auto\">Adresse: Hetlage 5, 48455 Bad Bentheim<\/div>\n<div dir=\"auto\">F\u00fcr das leibliche Wohl ist gesorgt!<\/div>\n<\/div>\n<div class=\"x11i5rnm xat24cr x1mh8g0r x1vvkbs xtlvy1s x126k92a\">\n<div dir=\"auto\">10:00 : DOK B\u00f6rse im Forum des Burg Gymnasiums.<\/div>\n<\/div>\n<div class=\"x11i5rnm xat24cr x1mh8g0r x1vvkbs xtlvy1s x126k92a\">\n<div dir=\"auto\">19:00 : \u00dcberraschungsabend auf dem DNAT Campingplatz \u201cAm Badepark\u201d. Bitte anmelden bei der DNAT \u2013 Info oder am Campingplatz bei Bea.<\/div>\n<\/div>\n<div class=\"x11i5rnm xat24cr x1mh8g0r x1vvkbs xtlvy1s x126k92a\">\n<div dir=\"auto\">\ud835\udc12\ud835\udc28\ud835\udc27\ud835\udc27\ud835\udc2d\ud835\udc1a\ud835\udc20, \ud835\udc1d\ud835\udc1e\ud835\udc27 \ud835\udfd0\ud835\udfd5. \ud835\udc00\ud835\udc2e\ud835\udc20\ud835\udc2e\ud835\udc2c\ud835\udc2d \ud835\udfd0\ud835\udfce\ud835\udfd0\ud835\udfd1<\/div>\n<\/div>\n<div class=\"x11i5rnm xat24cr x1mh8g0r x1vvkbs xtlvy1s x126k92a\">\n<div dir=\"auto\">12:00 : Gemeinsames H\u00e4hnchen Essen auf dem DNAT Camping \u201eAm Badepark\u201c<\/div>\n<\/div>\n<div class=\"x11i5rnm xat24cr x1mh8g0r x1vvkbs xtlvy1s x126k92a\">\n<div dir=\"auto\">20:00 : F\u00fcr die echten \u201cdie-hards\u201d die Winke-Winke-Party, auf dem Campingplatz. Wir schauen schon mal auf die 56. DNAT.<\/div>\n<div dir=\"auto\"><a class=\"thumbnail\" href=\"https:\/\/www.vfdb.org\/aktuell\/wp-content\/uploads\/2023\/06\/DNAT.jpg\"><img loading=\"lazy\" decoding=\"async\" class=\"aligncenter size-full wp-image-5132\" src=\"https:\/\/www.vfdb.org\/aktuell\/wp-content\/uploads\/2023\/06\/DNAT.jpg\" alt=\"\" width=\"400\" height=\"97\" srcset=\"https:\/\/www.vfdb.org\/aktuell\/wp-content\/uploads\/2023\/06\/DNAT.jpg 400w, https:\/\/www.vfdb.org\/aktuell\/wp-content\/uploads\/2023\/06\/DNAT-300x73.jpg 300w\" sizes=\"auto, (max-width: 400px) 100vw, 400px\" \/><\/a><\/div>\n<\/div>\n","protected":false},"excerpt":{"rendered":"<p>Am Wochenende vom 24. &#8211; 27. August finden dieses Jahr die 55. Deutsch-Niederl\u00e4ndischen Amateurfunkertage in Bad Bentheim statt. Der VFDB e.V. wird durch die Vorstandsmitglieder OM Heribert, DG9RAK und OM Danielo, DL7TA vertreten sein. Der OV Coesfeld, Z60, wird am Samstag im Foyer des Burg Gymnasiums Bad Bentheim einen Infostand betreiben. Das vorl\u00e4ufige Programm: Frei\ud835\udc2d\ud835\udc1a\ud835\udc20,&hellip; <a href=\"https:\/\/www.vfdb.org\/aktuell\/dnat-vom-24-27-8-2023\/\">Weiterlesen <span class=\"meta-nav\">&rarr;<\/span><\/a><\/p>\n","protected":false},"author":11,"featured_media":0,"comment_status":"closed","ping_status":"closed","sticky":false,"template":"","format":"standard","meta":{"footnotes":""},"categories":[1],"tags":[],"class_list":["post-5121","post","type-post","status-publish","format-standard","hentry","category-qtc"],"_links":{"self":[{"href":"https:\/\/www.vfdb.org\/aktuell\/wp-json\/wp\/v2\/posts\/5121","targetHints":{"allow":["GET"]}}],"collection":[{"href":"https:\/\/www.vfdb.org\/aktuell\/wp-json\/wp\/v2\/posts"}],"about":[{"href":"https:\/\/www.vfdb.org\/aktuell\/wp-json\/wp\/v2\/types\/post"}],"author":[{"embeddable":true,"href":"https:\/\/www.vfdb.org\/aktuell\/wp-json\/wp\/v2\/users\/11"}],"replies":[{"embeddable":true,"href":"https:\/\/www.vfdb.org\/aktuell\/wp-json\/wp\/v2\/comments?post=5121"}],"version-history":[{"count":4,"href":"https:\/\/www.vfdb.org\/aktuell\/wp-json\/wp\/v2\/posts\/5121\/revisions"}],"predecessor-version":[{"id":5148,"href":"https:\/\/www.vfdb.org\/aktuell\/wp-json\/wp\/v2\/posts\/5121\/revisions\/5148"}],"wp:attachment":[{"href":"https:\/\/www.vfdb.org\/aktuell\/wp-json\/wp\/v2\/media?parent=5121"}],"wp:term":[{"taxonomy":"category","embeddable":true,"href":"https:\/\/www.vfdb.org\/aktuell\/wp-json\/wp\/v2\/categories?post=5121"},{"taxonomy":"post_tag","embeddable":true,"href":"https:\/\/www.vfdb.org\/aktuell\/wp-json\/wp\/v2\/tags?post=5121"}],"curies":[{"name":"wp","href":"https:\/\/api.w.org\/{rel}","templated":true}]}}