{"id":5127,"date":"2023-06-22T11:28:50","date_gmt":"2023-06-22T09:28:50","guid":{"rendered":"https:\/\/www.vfdb.org\/aktuell\/?p=5127"},"modified":"2023-06-28T21:59:33","modified_gmt":"2023-06-28T19:59:33","slug":"ham-radio-2023","status":"publish","type":"post","link":"https:\/\/www.vfdb.org\/aktuell\/ham-radio-2023\/","title":{"rendered":"HAM Radio 2023 &#8211; Tag 1"},"content":{"rendered":"<p>Der VFDB e.V. ist auch heuer wieder auf der HAM Radio in Friedrichshafen vertreten.<br \/>\nZu finden in der Halle A1 am Stand 252. Am Eingang zur Halle A1 von Foyer aus l\u00e4uft man direkt auf den Stand zu.<\/p>\n<p>Das in den letzten Jahren am Samstagmittag stattfindende Mitgliedertreffen wird es in dieser Form nicht mehr geben.<br \/>\nStattdessen werden wir am VFDB-Stand t\u00e4gliche Treffen gegen Ende des Tages (ab 17 Uhr) anbieten.<br \/>\nF\u00fcr Fragen stehen euch das Messeteam und die beiden Vorstandsmitglieder OM J\u00fcrgen, DH2OP und OM Heribert, DG9RAK gerne zur Verf\u00fcgung.<\/p>\n<p>Bei der Er\u00f6ffnungsfeier konnte der DARC e.V. Vorsitzende, OM Christian, DL3MBG aus dem Verkehrsministerium (BMDV) neues berichten.<br \/>\nBundesminister Dr. Volker Wissing hat gestern live die neue AfuV unterschrieben. Ein Video davon wurde bei der Er\u00f6ffnungsveranstaltung gezeigt.<br \/>\nDie AfuV wird somit in einem Jahr, am 21. Juni 2024 in Kraft treten.<br \/>\nDie ersten Pr\u00fcfungen nach der neuen Verordnung werden dann n\u00e4chstes Jahr auf der HAM Radio statt finden.<br \/>\nSomit herrscht Planungssicherheit f\u00fcr die Ausbildungskurse. Die vom AJW Referat des DARC e.V. neu erarbeiteten Pr\u00fcfungsunterlagen m\u00fcssen noch den jetzt abgesegneten Vorschriften angepasst werden. Danach steht einer Ver\u00f6ffentlichung nichts mehr im Wege.<\/p>\n<h6 style=\"text-align: center;\"><a class=\"thumbnail\" href=\"https:\/\/www.vfdb.org\/aktuell\/wp-content\/uploads\/2023\/06\/HAM-Radio-Tag-1.jpeg\"><img loading=\"lazy\" decoding=\"async\" class=\"aligncenter size-large wp-image-5135\" src=\"https:\/\/www.vfdb.org\/aktuell\/wp-content\/uploads\/2023\/06\/HAM-Radio-Tag-1-1024x1024.jpeg\" alt=\"\" width=\"770\" height=\"770\" srcset=\"https:\/\/www.vfdb.org\/aktuell\/wp-content\/uploads\/2023\/06\/HAM-Radio-Tag-1-1024x1024.jpeg 1024w, https:\/\/www.vfdb.org\/aktuell\/wp-content\/uploads\/2023\/06\/HAM-Radio-Tag-1-300x300.jpeg 300w, https:\/\/www.vfdb.org\/aktuell\/wp-content\/uploads\/2023\/06\/HAM-Radio-Tag-1-150x150.jpeg 150w, https:\/\/www.vfdb.org\/aktuell\/wp-content\/uploads\/2023\/06\/HAM-Radio-Tag-1-768x768.jpeg 768w, https:\/\/www.vfdb.org\/aktuell\/wp-content\/uploads\/2023\/06\/HAM-Radio-Tag-1-1536x1536.jpeg 1536w, https:\/\/www.vfdb.org\/aktuell\/wp-content\/uploads\/2023\/06\/HAM-Radio-Tag-1.jpeg 2048w\" sizes=\"auto, (max-width: 770px) 100vw, 770px\" \/><\/a>Das Messeteam 2023, v.l. J\u00fcrgen, DH2OP, Svenja, KF\u00d8GFH, Heribert, DG9RAK, Christine, DG0AY, Andr\u00e9 DD8AKA und Uwe, DJ3OW<\/h6>\n<p>Jann Traschewski, DG8NG hat den Horkheimer Preis 2023 f\u00fcr seine Verdienst um den Aufbau des HAM Netzes verliehen bekommen.<br \/>\nJann ist seit 1997 lizensiert und ist vor \u00fcber 20 Jahren in unseren OV N\u00fcrnberg, Z15 eingetreten.<br \/>\nWir gratulieren Jann f\u00fcr seine Ehrung und hoffen, dass er sein Wissen auch weiterhin in sein Haust\u00fcrprojekt DB\u00d8VOX einbringt.<\/p>\n<p><a class=\"thumbnail\" href=\"https:\/\/www.vfdb.org\/aktuell\/wp-content\/uploads\/2023\/06\/Horkheimer-Preis.jpg\"><img loading=\"lazy\" decoding=\"async\" class=\"aligncenter size-large wp-image-5136\" src=\"https:\/\/www.vfdb.org\/aktuell\/wp-content\/uploads\/2023\/06\/Horkheimer-Preis-1024x619.jpg\" alt=\"\" width=\"770\" height=\"465\" srcset=\"https:\/\/www.vfdb.org\/aktuell\/wp-content\/uploads\/2023\/06\/Horkheimer-Preis-1024x619.jpg 1024w, https:\/\/www.vfdb.org\/aktuell\/wp-content\/uploads\/2023\/06\/Horkheimer-Preis-300x181.jpg 300w, https:\/\/www.vfdb.org\/aktuell\/wp-content\/uploads\/2023\/06\/Horkheimer-Preis-768x464.jpg 768w, https:\/\/www.vfdb.org\/aktuell\/wp-content\/uploads\/2023\/06\/Horkheimer-Preis.jpg 1075w\" sizes=\"auto, (max-width: 770px) 100vw, 770px\" \/><\/a><\/p>\n","protected":false},"excerpt":{"rendered":"<p>Der VFDB e.V. ist auch heuer wieder auf der HAM Radio in Friedrichshafen vertreten. Zu finden in der Halle A1 am Stand 252. Am Eingang zur Halle A1 von Foyer aus l\u00e4uft man direkt auf den Stand zu. Das in den letzten Jahren am Samstagmittag stattfindende Mitgliedertreffen wird es in dieser Form nicht mehr geben.&hellip; <a href=\"https:\/\/www.vfdb.org\/aktuell\/ham-radio-2023\/\">Weiterlesen <span class=\"meta-nav\">&rarr;<\/span><\/a><\/p>\n","protected":false},"author":3,"featured_media":0,"comment_status":"closed","ping_status":"closed","sticky":false,"template":"","format":"standard","meta":{"footnotes":""},"categories":[1],"tags":[],"class_list":["post-5127","post","type-post","status-publish","format-standard","hentry","category-qtc"],"_links":{"self":[{"href":"https:\/\/www.vfdb.org\/aktuell\/wp-json\/wp\/v2\/posts\/5127","targetHints":{"allow":["GET"]}}],"collection":[{"href":"https:\/\/www.vfdb.org\/aktuell\/wp-json\/wp\/v2\/posts"}],"about":[{"href":"https:\/\/www.vfdb.org\/aktuell\/wp-json\/wp\/v2\/types\/post"}],"author":[{"embeddable":true,"href":"https:\/\/www.vfdb.org\/aktuell\/wp-json\/wp\/v2\/users\/3"}],"replies":[{"embeddable":true,"href":"https:\/\/www.vfdb.org\/aktuell\/wp-json\/wp\/v2\/comments?post=5127"}],"version-history":[{"count":6,"href":"https:\/\/www.vfdb.org\/aktuell\/wp-json\/wp\/v2\/posts\/5127\/revisions"}],"predecessor-version":[{"id":5140,"href":"https:\/\/www.vfdb.org\/aktuell\/wp-json\/wp\/v2\/posts\/5127\/revisions\/5140"}],"wp:attachment":[{"href":"https:\/\/www.vfdb.org\/aktuell\/wp-json\/wp\/v2\/media?parent=5127"}],"wp:term":[{"taxonomy":"category","embeddable":true,"href":"https:\/\/www.vfdb.org\/aktuell\/wp-json\/wp\/v2\/categories?post=5127"},{"taxonomy":"post_tag","embeddable":true,"href":"https:\/\/www.vfdb.org\/aktuell\/wp-json\/wp\/v2\/tags?post=5127"}],"curies":[{"name":"wp","href":"https:\/\/api.w.org\/{rel}","templated":true}]}}