{"id":5177,"date":"2023-08-24T21:57:00","date_gmt":"2023-08-24T19:57:00","guid":{"rendered":"https:\/\/www.vfdb.org\/aktuell\/?p=5177"},"modified":"2023-08-24T21:57:00","modified_gmt":"2023-08-24T19:57:00","slug":"heute-beginnen-die-55-dnat","status":"publish","type":"post","link":"https:\/\/www.vfdb.org\/aktuell\/heute-beginnen-die-55-dnat\/","title":{"rendered":"Heute beginnen die 55. DNAT"},"content":{"rendered":"<p>Vom 24.-27.8. finden in diesem Jahr die Deutsch Niederl\u00e4ndischen Amaterfunker Tage in Bad Bentheim statt und dieses zum inzwischen 55sten Male.<\/p>\n<p>Neben dem Flohmarkt am Samstag, vielen Vortr\u00e4gen, Veranstaltungen und gemeinsamen Treffen wird auch wieder die Goldene Antenne der Stadt Bad Bentheim verliehen.<\/p>\n<p>Dieses Jahr an Anton Mandos, ON6NL, f\u00fcr seine Arbeit bei \u00c4rzte ohne Grenzen.<\/p>\n<p>Der VFDB wird in diesem Jahr von Heribert, DG9RAK, und Danielo, DL7TA, vertreten.<\/p>\n<p>Wir w\u00fcrden uns freuen viele VFDBler auf den 55. DNAT begr\u00fc\u00dfen zu k\u00f6nnen.<\/p>\n<p>73! von Heribert und Danielo<\/p>\n","protected":false},"excerpt":{"rendered":"<p>Vom 24.-27.8. finden in diesem Jahr die Deutsch Niederl\u00e4ndischen Amaterfunker Tage in Bad Bentheim statt und dieses zum inzwischen 55sten Male. Neben dem Flohmarkt am Samstag, vielen Vortr\u00e4gen, Veranstaltungen und gemeinsamen Treffen wird auch wieder die Goldene Antenne der Stadt Bad Bentheim verliehen. Dieses Jahr an Anton Mandos, ON6NL, f\u00fcr seine Arbeit bei \u00c4rzte ohne&hellip; <a href=\"https:\/\/www.vfdb.org\/aktuell\/heute-beginnen-die-55-dnat\/\">Weiterlesen <span class=\"meta-nav\">&rarr;<\/span><\/a><\/p>\n","protected":false},"author":11,"featured_media":0,"comment_status":"closed","ping_status":"closed","sticky":false,"template":"","format":"standard","meta":{"footnotes":""},"categories":[1],"tags":[],"class_list":["post-5177","post","type-post","status-publish","format-standard","hentry","category-qtc"],"_links":{"self":[{"href":"https:\/\/www.vfdb.org\/aktuell\/wp-json\/wp\/v2\/posts\/5177","targetHints":{"allow":["GET"]}}],"collection":[{"href":"https:\/\/www.vfdb.org\/aktuell\/wp-json\/wp\/v2\/posts"}],"about":[{"href":"https:\/\/www.vfdb.org\/aktuell\/wp-json\/wp\/v2\/types\/post"}],"author":[{"embeddable":true,"href":"https:\/\/www.vfdb.org\/aktuell\/wp-json\/wp\/v2\/users\/11"}],"replies":[{"embeddable":true,"href":"https:\/\/www.vfdb.org\/aktuell\/wp-json\/wp\/v2\/comments?post=5177"}],"version-history":[{"count":1,"href":"https:\/\/www.vfdb.org\/aktuell\/wp-json\/wp\/v2\/posts\/5177\/revisions"}],"predecessor-version":[{"id":5178,"href":"https:\/\/www.vfdb.org\/aktuell\/wp-json\/wp\/v2\/posts\/5177\/revisions\/5178"}],"wp:attachment":[{"href":"https:\/\/www.vfdb.org\/aktuell\/wp-json\/wp\/v2\/media?parent=5177"}],"wp:term":[{"taxonomy":"category","embeddable":true,"href":"https:\/\/www.vfdb.org\/aktuell\/wp-json\/wp\/v2\/categories?post=5177"},{"taxonomy":"post_tag","embeddable":true,"href":"https:\/\/www.vfdb.org\/aktuell\/wp-json\/wp\/v2\/tags?post=5177"}],"curies":[{"name":"wp","href":"https:\/\/api.w.org\/{rel}","templated":true}]}}