{"id":5184,"date":"2023-09-04T09:11:25","date_gmt":"2023-09-04T07:11:25","guid":{"rendered":"https:\/\/www.vfdb.org\/aktuell\/?p=5184"},"modified":"2023-09-04T09:11:25","modified_gmt":"2023-09-04T07:11:25","slug":"anpassung-des-korporationsvertrages-mit-dem-darc","status":"publish","type":"post","link":"https:\/\/www.vfdb.org\/aktuell\/anpassung-des-korporationsvertrages-mit-dem-darc\/","title":{"rendered":"Anpassung des Korporationsvertrages mit dem DARC"},"content":{"rendered":"<p><span style=\"font-weight: 400;\">Am 20. August haben die beiden Vorsitzenden von DARC e.V. und VFDB e.V. die \u00c4nderung an der Anlage zum Vertrag gegengezeichnet. Finanziell wirkt sich die \u00c4nderung ab kommenden Jahr aus. Die VFDB-Zahlung schlie\u00dft dann zuk\u00fcnftig das AJW-Referat des DARC mit ein. Die wichtigste \u00c4nderung wirkt sich aber schon jetzt aus: Mitglieder des VFDB mit DARC-Leistung k\u00f6nnen sich wieder mit ihren DARC-Zugangsdaten auf der Plattform TREFF.DARC einloggen und die Inhalte dort nutzen. Sollte es wider Erwarten Probleme geben, k\u00f6nnen sich VFDB-Mitglieder gerne an die Gesch\u00e4ftsstelle des VFDB per E-Mail an info [\u00e4tt] vfdb. org wenden.<\/span><\/p>\n","protected":false},"excerpt":{"rendered":"<p>Am 20. August haben die beiden Vorsitzenden von DARC e.V. und VFDB e.V. die \u00c4nderung an der Anlage zum Vertrag gegengezeichnet. Finanziell wirkt sich die \u00c4nderung ab kommenden Jahr aus. Die VFDB-Zahlung schlie\u00dft dann zuk\u00fcnftig das AJW-Referat des DARC mit ein. Die wichtigste \u00c4nderung wirkt sich aber schon jetzt aus: Mitglieder des VFDB mit DARC-Leistung&hellip; <a href=\"https:\/\/www.vfdb.org\/aktuell\/anpassung-des-korporationsvertrages-mit-dem-darc\/\">Weiterlesen <span class=\"meta-nav\">&rarr;<\/span><\/a><\/p>\n","protected":false},"author":3,"featured_media":0,"comment_status":"closed","ping_status":"closed","sticky":false,"template":"","format":"standard","meta":{"footnotes":""},"categories":[1],"tags":[],"class_list":["post-5184","post","type-post","status-publish","format-standard","hentry","category-qtc"],"_links":{"self":[{"href":"https:\/\/www.vfdb.org\/aktuell\/wp-json\/wp\/v2\/posts\/5184","targetHints":{"allow":["GET"]}}],"collection":[{"href":"https:\/\/www.vfdb.org\/aktuell\/wp-json\/wp\/v2\/posts"}],"about":[{"href":"https:\/\/www.vfdb.org\/aktuell\/wp-json\/wp\/v2\/types\/post"}],"author":[{"embeddable":true,"href":"https:\/\/www.vfdb.org\/aktuell\/wp-json\/wp\/v2\/users\/3"}],"replies":[{"embeddable":true,"href":"https:\/\/www.vfdb.org\/aktuell\/wp-json\/wp\/v2\/comments?post=5184"}],"version-history":[{"count":1,"href":"https:\/\/www.vfdb.org\/aktuell\/wp-json\/wp\/v2\/posts\/5184\/revisions"}],"predecessor-version":[{"id":5185,"href":"https:\/\/www.vfdb.org\/aktuell\/wp-json\/wp\/v2\/posts\/5184\/revisions\/5185"}],"wp:attachment":[{"href":"https:\/\/www.vfdb.org\/aktuell\/wp-json\/wp\/v2\/media?parent=5184"}],"wp:term":[{"taxonomy":"category","embeddable":true,"href":"https:\/\/www.vfdb.org\/aktuell\/wp-json\/wp\/v2\/categories?post=5184"},{"taxonomy":"post_tag","embeddable":true,"href":"https:\/\/www.vfdb.org\/aktuell\/wp-json\/wp\/v2\/tags?post=5184"}],"curies":[{"name":"wp","href":"https:\/\/api.w.org\/{rel}","templated":true}]}}