{"id":5240,"date":"2023-10-08T14:27:58","date_gmt":"2023-10-08T12:27:58","guid":{"rendered":"https:\/\/www.vfdb.org\/aktuell\/?p=5240"},"modified":"2023-10-08T20:08:40","modified_gmt":"2023-10-08T18:08:40","slug":"anpassung-des-korporationsvertrages-mit-dem-darc-e-v","status":"publish","type":"post","link":"https:\/\/www.vfdb.org\/aktuell\/anpassung-des-korporationsvertrages-mit-dem-darc-e-v\/","title":{"rendered":"Anpassung des Korporationsvertrages mit dem DARC e.V."},"content":{"rendered":"<p><span style=\"font-weight: 400;\">Wie im letzten Rundspruch bekanntgegeben wurde, hatte am 20. August eine Anpassung des Korporationsvertrages mit dem DARC e.V. stattgefunden. Diese sollte in erster Linie die barrierefreie Teilnahme von VFDB-Mitgliedern mit DARC-Leistung auf der Plattform TREFF.DARC erm\u00f6glichen. <\/span><!--more--><\/p>\n<p><span style=\"font-weight: 400;\">Die technische Umsetzung hat sich als schwieriger als angenommen herausgestellt. Nach mehrmaligem Abgleich der Mitgliederdaten wurde in den letzten Tagen ein weiterer Versuch unternommen, dieses Problem final zu l\u00f6sen. Fehlermeldungen sendet Ihr bitte gerne weiterhin an unsere Gesch\u00e4ftsstelle per E-Mail an\u00a0 info [\u00e4tt] vfdb .org. Mitglieder, die einen Passwort-Reset beim DARC ben\u00f6tigen, sind weiterhin auf die Gesch\u00e4ftsstelle des DARC angewiesen. An einer L\u00f6sung \u00fcber die Mitgliederverwaltung wird gearbeitet.<\/span><\/p>\n","protected":false},"excerpt":{"rendered":"<p>Wie im letzten Rundspruch bekanntgegeben wurde, hatte am 20. August eine Anpassung des Korporationsvertrages mit dem DARC e.V. stattgefunden. Diese sollte in erster Linie die barrierefreie Teilnahme von VFDB-Mitgliedern mit DARC-Leistung auf der Plattform TREFF.DARC erm\u00f6glichen.<\/p>\n","protected":false},"author":9,"featured_media":0,"comment_status":"closed","ping_status":"closed","sticky":false,"template":"","format":"standard","meta":{"footnotes":""},"categories":[1],"tags":[],"class_list":["post-5240","post","type-post","status-publish","format-standard","hentry","category-qtc"],"_links":{"self":[{"href":"https:\/\/www.vfdb.org\/aktuell\/wp-json\/wp\/v2\/posts\/5240","targetHints":{"allow":["GET"]}}],"collection":[{"href":"https:\/\/www.vfdb.org\/aktuell\/wp-json\/wp\/v2\/posts"}],"about":[{"href":"https:\/\/www.vfdb.org\/aktuell\/wp-json\/wp\/v2\/types\/post"}],"author":[{"embeddable":true,"href":"https:\/\/www.vfdb.org\/aktuell\/wp-json\/wp\/v2\/users\/9"}],"replies":[{"embeddable":true,"href":"https:\/\/www.vfdb.org\/aktuell\/wp-json\/wp\/v2\/comments?post=5240"}],"version-history":[{"count":2,"href":"https:\/\/www.vfdb.org\/aktuell\/wp-json\/wp\/v2\/posts\/5240\/revisions"}],"predecessor-version":[{"id":5265,"href":"https:\/\/www.vfdb.org\/aktuell\/wp-json\/wp\/v2\/posts\/5240\/revisions\/5265"}],"wp:attachment":[{"href":"https:\/\/www.vfdb.org\/aktuell\/wp-json\/wp\/v2\/media?parent=5240"}],"wp:term":[{"taxonomy":"category","embeddable":true,"href":"https:\/\/www.vfdb.org\/aktuell\/wp-json\/wp\/v2\/categories?post=5240"},{"taxonomy":"post_tag","embeddable":true,"href":"https:\/\/www.vfdb.org\/aktuell\/wp-json\/wp\/v2\/tags?post=5240"}],"curies":[{"name":"wp","href":"https:\/\/api.w.org\/{rel}","templated":true}]}}