{"id":5639,"date":"2024-08-27T09:41:29","date_gmt":"2024-08-27T07:41:29","guid":{"rendered":"https:\/\/www.vfdb.org\/aktuell\/?p=5639"},"modified":"2026-02-05T22:10:14","modified_gmt":"2026-02-05T21:10:14","slug":"zulutalk-am-4-september-20-uhr-lt","status":"publish","type":"post","link":"https:\/\/www.vfdb.org\/aktuell\/zulutalk-am-4-september-20-uhr-lt\/","title":{"rendered":"ZuluTalk am 4. September 20 Uhr LT"},"content":{"rendered":"<div class=\"wp-block-image\">\n<figure class=\"alignleft size-full is-resized\"><img loading=\"lazy\" decoding=\"async\" width=\"227\" height=\"81\" src=\"https:\/\/www.vfdb.org\/aktuell\/wp-content\/uploads\/2024\/08\/image.png\" alt=\"\" class=\"wp-image-5640\" style=\"width:281px;height:auto\"\/><\/figure>\n<\/div>\n\n\n<p>Am Mittwoch, 4. September findet der n\u00e4chste ZuluTalk nach der Sommerpause statt.<br \/>Ein neues Mitglied aus unseren Reihen betreibt f\u00fcr einen gro\u00dfen Computerclub einen BBB Server. OM Christian war beim letzten ZuluTalk erstmalig dabei und wurde kurz darauf ordentliches Mitglied im VFDB e.V. Er hat uns freundlicher Weise einen Zugang geschaffen.<\/p>\n\n\n\n<p>Es gibt auch viele m\u00f6gliche Themen:<\/p>\n\n\n\n<ul class=\"wp-block-list\">\n<li>am 12. September findet der allj\u00e4hrliche bundesweite Warntag statt<\/li>\n\n\n\n<li>2025 wird der VFDB e.V. 75 Jahre alt<\/li>\n\n\n\n<li>am vorletzten Augustwochenende standen die DNAT statt<\/li>\n\n\n\n<li>\u00fcberall in DL sind die Pr\u00fcfungen nach der neuen Verordnung angelaufen<\/li>\n\n\n\n<li>viele Ortsverb\u00e4nde haben sich an \u00f6rtlichen Ferienprogrammen beteiligt<\/li>\n\n\n\n<li>vom 6. bis 8. September findet in Weinheim die UKW-Tagung statt <\/li>\n<\/ul>\n\n\n\n<p>F\u00fcr die Teilnahme zum ZuluTalk ben\u00f6tigt ihr den Link:<br \/>https:\/\/cloud3.franken.de\/apps\/bbb\/b\/4MFzZoKTM8x4ek5s<\/p>\n\n\n\n<p>Noch eine Bitte \u2013 tragt bitte vor Eintritt in die Konferenz mindesten euren Namen und euer Rufzeichen (soweit vorhanden) in die Maske ein.<\/p>\n","protected":false},"excerpt":{"rendered":"<p>Am Mittwoch, 4. September findet der n\u00e4chste ZuluTalk nach der Sommerpause statt.Ein neues Mitglied aus unseren Reihen betreibt f\u00fcr einen gro\u00dfen Computerclub einen BBB Server. OM Christian war beim letzten ZuluTalk erstmalig dabei und wurde kurz darauf ordentliches Mitglied im VFDB e.V. Er hat uns freundlicher Weise einen Zugang geschaffen. Es gibt auch viele m\u00f6gliche&hellip; <a href=\"https:\/\/www.vfdb.org\/aktuell\/zulutalk-am-4-september-20-uhr-lt\/\">Weiterlesen <span class=\"meta-nav\">&rarr;<\/span><\/a><\/p>\n","protected":false},"author":3,"featured_media":0,"comment_status":"closed","ping_status":"closed","sticky":false,"template":"","format":"standard","meta":{"footnotes":""},"categories":[1],"tags":[85,203],"class_list":["post-5639","post","type-post","status-publish","format-standard","hentry","category-qtc","tag-rundspruch","tag-zulu-talk"],"_links":{"self":[{"href":"https:\/\/www.vfdb.org\/aktuell\/wp-json\/wp\/v2\/posts\/5639","targetHints":{"allow":["GET"]}}],"collection":[{"href":"https:\/\/www.vfdb.org\/aktuell\/wp-json\/wp\/v2\/posts"}],"about":[{"href":"https:\/\/www.vfdb.org\/aktuell\/wp-json\/wp\/v2\/types\/post"}],"author":[{"embeddable":true,"href":"https:\/\/www.vfdb.org\/aktuell\/wp-json\/wp\/v2\/users\/3"}],"replies":[{"embeddable":true,"href":"https:\/\/www.vfdb.org\/aktuell\/wp-json\/wp\/v2\/comments?post=5639"}],"version-history":[{"count":4,"href":"https:\/\/www.vfdb.org\/aktuell\/wp-json\/wp\/v2\/posts\/5639\/revisions"}],"predecessor-version":[{"id":5645,"href":"https:\/\/www.vfdb.org\/aktuell\/wp-json\/wp\/v2\/posts\/5639\/revisions\/5645"}],"wp:attachment":[{"href":"https:\/\/www.vfdb.org\/aktuell\/wp-json\/wp\/v2\/media?parent=5639"}],"wp:term":[{"taxonomy":"category","embeddable":true,"href":"https:\/\/www.vfdb.org\/aktuell\/wp-json\/wp\/v2\/categories?post=5639"},{"taxonomy":"post_tag","embeddable":true,"href":"https:\/\/www.vfdb.org\/aktuell\/wp-json\/wp\/v2\/tags?post=5639"}],"curies":[{"name":"wp","href":"https:\/\/api.w.org\/{rel}","templated":true}]}}