{"id":5934,"date":"2025-05-04T15:47:10","date_gmt":"2025-05-04T13:47:10","guid":{"rendered":"https:\/\/www.vfdb.org\/aktuell\/?p=5934"},"modified":"2025-05-21T22:35:13","modified_gmt":"2025-05-21T20:35:13","slug":"jubilaeumsfeier-zu-75-jahre-vfdb-am-14-juni-in-wittenborn","status":"publish","type":"post","link":"https:\/\/www.vfdb.org\/aktuell\/jubilaeumsfeier-zu-75-jahre-vfdb-am-14-juni-in-wittenborn\/","title":{"rendered":"Jubil\u00e4umsfeier zu 75 Jahre VFDB am 14. Juni in Wittgenborn"},"content":{"rendered":"\r\n<p>Der erste Event zum 75-j\u00e4hrigen Bestehen des VFDB e.V. wird ganz in der N\u00e4he seiner Wiege veranstaltet. Gegr\u00fcndet wurde der VFDB e.V. am 11. Januar 1950 im Fernmeldetechnischen Zentralamt (FTZ) der damaligen Deutschen Bundespost in Darmstadt.<\/p>\r\n\r\n\r\n\r\n<p>Unweit von Darmstadt wird das Jubil\u00e4um am 14. Juni bei der legend\u00e4ren Contest-Gruppe DP6T in Wittgenborn geb\u00fchrend gefeiert. Der BV Hessen des VFDB l\u00e4dt alle Interessenten dazu herzlich ein. Dort wird Funkbetrieb auf Kurzwelle und UKW zelebriert &#8211; unter anderem wird dort mit dem Sondercall DQ0Z der Sonder-DOK 75VFDB verteilt, des Weiteren ist die Teilnahme bei den VFDB-Contest-Teilen 3 und 4 auf 2 m und 70 cm geplant. F\u00fcr das leibliches Wohl wird gesorgt sein. Der BV Hessen freut sich auf euren Besuch und eure aktive Teilnahme. Alle weiteren Infos gibt es online unter <a href=\"https:\/\/bv-hessen.vfdb.org\/75jahre-vfdb\/\" target=\"_blank\" rel=\"noopener\">75VFDB.de<\/a><\/p>\r\n\r\n\r\n\r\n\r\n\r\n<figure class=\"wp-block-gallery has-nested-images columns-default is-cropped wp-block-gallery-1 is-layout-flex wp-block-gallery-is-layout-flex\"><\/figure>\r\n","protected":false},"excerpt":{"rendered":"<p>Der erste Event zum 75-j\u00e4hrigen Bestehen des VFDB e.V. wird ganz in der N\u00e4he seiner Wiege veranstaltet. Gegr\u00fcndet wurde der VFDB e.V. am 11. Januar 1950 im Fernmeldetechnischen Zentralamt (FTZ) der damaligen Deutschen Bundespost in Darmstadt. Unweit von Darmstadt wird das Jubil\u00e4um am 14. Juni bei der legend\u00e4ren Contest-Gruppe DP6T in Wittgenborn geb\u00fchrend gefeiert. Der&hellip; <a href=\"https:\/\/www.vfdb.org\/aktuell\/jubilaeumsfeier-zu-75-jahre-vfdb-am-14-juni-in-wittenborn\/\">Weiterlesen <span class=\"meta-nav\">&rarr;<\/span><\/a><\/p>\n","protected":false},"author":3,"featured_media":0,"comment_status":"closed","ping_status":"closed","sticky":false,"template":"","format":"standard","meta":{"footnotes":""},"categories":[1],"tags":[],"class_list":["post-5934","post","type-post","status-publish","format-standard","hentry","category-qtc"],"_links":{"self":[{"href":"https:\/\/www.vfdb.org\/aktuell\/wp-json\/wp\/v2\/posts\/5934","targetHints":{"allow":["GET"]}}],"collection":[{"href":"https:\/\/www.vfdb.org\/aktuell\/wp-json\/wp\/v2\/posts"}],"about":[{"href":"https:\/\/www.vfdb.org\/aktuell\/wp-json\/wp\/v2\/types\/post"}],"author":[{"embeddable":true,"href":"https:\/\/www.vfdb.org\/aktuell\/wp-json\/wp\/v2\/users\/3"}],"replies":[{"embeddable":true,"href":"https:\/\/www.vfdb.org\/aktuell\/wp-json\/wp\/v2\/comments?post=5934"}],"version-history":[{"count":4,"href":"https:\/\/www.vfdb.org\/aktuell\/wp-json\/wp\/v2\/posts\/5934\/revisions"}],"predecessor-version":[{"id":5972,"href":"https:\/\/www.vfdb.org\/aktuell\/wp-json\/wp\/v2\/posts\/5934\/revisions\/5972"}],"wp:attachment":[{"href":"https:\/\/www.vfdb.org\/aktuell\/wp-json\/wp\/v2\/media?parent=5934"}],"wp:term":[{"taxonomy":"category","embeddable":true,"href":"https:\/\/www.vfdb.org\/aktuell\/wp-json\/wp\/v2\/categories?post=5934"},{"taxonomy":"post_tag","embeddable":true,"href":"https:\/\/www.vfdb.org\/aktuell\/wp-json\/wp\/v2\/tags?post=5934"}],"curies":[{"name":"wp","href":"https:\/\/api.w.org\/{rel}","templated":true}]}}