{"id":6252,"date":"2025-10-26T17:29:57","date_gmt":"2025-10-26T16:29:57","guid":{"rendered":"https:\/\/www.vfdb.org\/aktuell\/?p=6252"},"modified":"2025-10-26T17:33:10","modified_gmt":"2025-10-26T16:33:10","slug":"20-jahre-ardf-wettbewerbe-des-vfdb-in-der-wingst-1-bis-3-august-2025","status":"publish","type":"post","link":"https:\/\/www.vfdb.org\/aktuell\/20-jahre-ardf-wettbewerbe-des-vfdb-in-der-wingst-1-bis-3-august-2025\/","title":{"rendered":"20 Jahre ARDF-Wettbewerbe des VFDB in der Wingst \u2013 1. bis 3. August 2025"},"content":{"rendered":"<div class=\"wp-block-image\">\n<figure class=\"alignleft size-full is-resized\"><img loading=\"lazy\" decoding=\"async\" width=\"538\" height=\"861\" src=\"https:\/\/www.vfdb.org\/aktuell\/wp-content\/uploads\/2025\/10\/Pokal.jpg\" alt=\"\" class=\"wp-image-6253\" style=\"width:123px;height:auto\" srcset=\"https:\/\/www.vfdb.org\/aktuell\/wp-content\/uploads\/2025\/10\/Pokal.jpg 538w, https:\/\/www.vfdb.org\/aktuell\/wp-content\/uploads\/2025\/10\/Pokal-187x300.jpg 187w\" sizes=\"auto, (max-width: 538px) 100vw, 538px\" \/><\/figure>\n<\/div>\n\n\n<p>Besser k\u00f6nnte die Zusammenarbeit zwischen DARC und VFDB kaum laufen: F\u00fcnf OM aus den Distrikten G, H, I, L und N hatten sich im Vorfeld der allj\u00e4hrlichen ARDF-Distriktsl\u00e4ufe des VFDB in der Wingst bereiterkl\u00e4rt, die Bahnlegung f\u00fcr die f\u00fcnf Einzelwettwettbewerbe von Deutschlands umfangreichster ARDF-Veranstaltung zu planen, auszulegen und die Sender wieder einzusammeln. F\u00fcr eine weitgehende Autonomie wurden zuvor die Areale der Klassikl\u00e4ufe auf 432 MHz (Freitag), 3,5 MHz und 144 MHz (Samstag), sowie Sprint und Foxoring (Sonntag) auf der OL-Karte abgesteckt, als auch der Ort f\u00fcr Start &amp; Ziel abgestimmt. Im Wald waren jeweils 25 bis 37 L\u00e4ufer. Ein besonderer Dank gilt Frank (Paule) Baudisch, DF2JW (L16), der f\u00fcr alle L\u00e4ufe die SPORTident-basierte Auswertung \u00fcbernahm und mit einem ganzen Anh\u00e4nger voller Technik ma\u00dfgeblich zum Gelingen der Veranstaltung beitrug.<br \/><br \/><br \/><\/p>\n\n\n\n<p><\/p>\n\n\n\n<p><\/p>\n\n\n<div class=\"wp-block-image\">\n<figure class=\"aligncenter size-large is-resized\"><img loading=\"lazy\" decoding=\"async\" width=\"1024\" height=\"526\" src=\"https:\/\/www.vfdb.org\/aktuell\/wp-content\/uploads\/2025\/10\/HAM-Fest-1024x526.jpg\" alt=\"\" class=\"wp-image-6254\" style=\"width:514px;height:auto\" srcset=\"https:\/\/www.vfdb.org\/aktuell\/wp-content\/uploads\/2025\/10\/HAM-Fest-1024x526.jpg 1024w, https:\/\/www.vfdb.org\/aktuell\/wp-content\/uploads\/2025\/10\/HAM-Fest-300x154.jpg 300w, https:\/\/www.vfdb.org\/aktuell\/wp-content\/uploads\/2025\/10\/HAM-Fest-768x394.jpg 768w, https:\/\/www.vfdb.org\/aktuell\/wp-content\/uploads\/2025\/10\/HAM-Fest.jpg 1032w\" sizes=\"auto, (max-width: 1024px) 100vw, 1024px\" \/><\/figure>\n<\/div>\n\n\n<p><\/p>\n\n\n\n<p>Die lokale Organisatorin Marie-Luise Meiss, DF7PM, OVV des OV Osteland (Z24) lie\u00df es sich nicht nehmen, zum HAM-Fest im runden Saal eine positive Bilanz \u00fcber zwanzig Jahre ARDF in der f\u00fcr Neulinge \u00fcberraschend h\u00fcgligen Wingst zu ziehen und allen Teilnehmern und Helfern aus fern und nah f\u00fcr langj\u00e4hrige Treue zu danken. Der Wettergott meinte es weitgehend gut mit uns, nur beim Sprint kamen einige ziemlich begossen aus dem Gel\u00e4nde zur\u00fcck.<br \/><br \/><\/p>\n\n\n<div class=\"wp-block-image\">\n<figure class=\"alignleft size-full is-resized\"><img loading=\"lazy\" decoding=\"async\" width=\"438\" height=\"668\" src=\"https:\/\/www.vfdb.org\/aktuell\/wp-content\/uploads\/2025\/10\/Uebergabe.jpg\" alt=\"\" class=\"wp-image-6255\" style=\"width:285px;height:auto\" srcset=\"https:\/\/www.vfdb.org\/aktuell\/wp-content\/uploads\/2025\/10\/Uebergabe.jpg 438w, https:\/\/www.vfdb.org\/aktuell\/wp-content\/uploads\/2025\/10\/Uebergabe-197x300.jpg 197w\" sizes=\"auto, (max-width: 438px) 100vw, 438px\" \/><\/figure>\n<\/div>\n\n\n<p>Aus Anlass des zwanzigj\u00e4hrigen Jubil\u00e4ums wurde privat ein Sonderpokal f\u00fcr den \u201eBesten L\u00e4ufer der Wingst 2025\u201c gestiftet. Die Ermittlung des Gewinners erfolgte klassen\u00fcbergreifend nach dem Prinzip der ARDF-Rangliste, einschlie\u00dflich der Vergabe von Helferpunkten und einem Streichergebnis. Stefan Berse, DO1FOX [M21], errang 2.283 von 2.400 m\u00f6glichen Punkten, gefolgt von Christian Drews, DL7APD [M60] \u2013 2.200 und Britt Woyde, SWL [W55] \u2013 1.925. Unser VFDB ARDF-Referent Werner (Charly) Wieand, DL3YDJ \u2013 der leider aus pers\u00f6nlichen Gr\u00fcnden in diesem Jahr nicht vor Ort sein konnte \u2013 hat den Pokal beim Distriktslauf Westfalen-Nord (N) am 5. Oktober 2025 pers\u00f6nlich an Stefan \u00fcberreicht. Aber es ging aber niemand leer aus, denn Charly hatte vorab f\u00fcr alle Wingst-Teilnehmer und Helfer 2025 kleine Pokale mit VFDB-Logo als Andenken fertigen lassen.<\/p>\n\n\n\n<p>Alle Ergebnisse, die Standortkarten der Sender, sowie die Teilnehmer\u00adurkunden zum Download sind f\u00fcr alle f\u00fcnf Wettbewerbe auf den Webseiten des DARC-ARDF-Referates ver\u00f6ffentlicht. URL: <a href=\"https:\/\/ardf.darc.de\/contest\/25080103\/25080103.htm\">https:\/\/ardf.darc.de\/contest\/25080103\/25080103.htm<\/a>. F\u00fcr VFDB-Teilnehmer wurden die ARDF-Punkte der VFDB-Aktiv-Wertung im September gutgeschrieben. <br \/>URL: <a href=\"https:\/\/www.vfdb.org\/files\/referate\/funkbetrieb\/ergebnislisten\/aktiv\/2025\/\">https:\/\/www.vfdb.org\/files\/referate\/funkbetrieb\/ergebnislisten\/aktiv\/2025\/<\/a>. <br \/>Bitte vormerken: Im kommenden Sommer finden die VFDB-ARDF-Wettbewerbe wieder bei unseren Gastgebern Olga und Frank M\u00fcller vom Forsthaus am Dobrock vom 7. bis 9. August 2026 statt<br \/><br \/><br \/><\/p>\n\n\n<div class=\"wp-block-image\">\n<figure class=\"alignleft size-full is-resized\"><img loading=\"lazy\" decoding=\"async\" width=\"778\" height=\"477\" src=\"https:\/\/www.vfdb.org\/aktuell\/wp-content\/uploads\/2025\/10\/Forsthaus.jpg\" alt=\"\" class=\"wp-image-6256\" style=\"width:419px;height:auto\" srcset=\"https:\/\/www.vfdb.org\/aktuell\/wp-content\/uploads\/2025\/10\/Forsthaus.jpg 778w, https:\/\/www.vfdb.org\/aktuell\/wp-content\/uploads\/2025\/10\/Forsthaus-300x184.jpg 300w, https:\/\/www.vfdb.org\/aktuell\/wp-content\/uploads\/2025\/10\/Forsthaus-768x471.jpg 768w\" sizes=\"auto, (max-width: 778px) 100vw, 778px\" \/><\/figure>\n<\/div>\n\n\n<figure class=\"wp-block-image size-full\"><img loading=\"lazy\" decoding=\"async\" width=\"252\" height=\"330\" src=\"https:\/\/www.vfdb.org\/aktuell\/wp-content\/uploads\/2025\/10\/Karte.jpg\" alt=\"\" class=\"wp-image-6258\" srcset=\"https:\/\/www.vfdb.org\/aktuell\/wp-content\/uploads\/2025\/10\/Karte.jpg 252w, https:\/\/www.vfdb.org\/aktuell\/wp-content\/uploads\/2025\/10\/Karte-229x300.jpg 229w\" sizes=\"auto, (max-width: 252px) 100vw, 252px\" \/><\/figure>\n","protected":false},"excerpt":{"rendered":"<p>Besser k\u00f6nnte die Zusammenarbeit zwischen DARC und VFDB kaum laufen: F\u00fcnf OM aus den Distrikten G, H, I, L und N hatten sich im Vorfeld der allj\u00e4hrlichen ARDF-Distriktsl\u00e4ufe des VFDB in der Wingst bereiterkl\u00e4rt, die Bahnlegung f\u00fcr die f\u00fcnf Einzelwettwettbewerbe von Deutschlands umfangreichster ARDF-Veranstaltung zu planen, auszulegen und die Sender wieder einzusammeln. F\u00fcr eine weitgehende&hellip; <a href=\"https:\/\/www.vfdb.org\/aktuell\/20-jahre-ardf-wettbewerbe-des-vfdb-in-der-wingst-1-bis-3-august-2025\/\">Weiterlesen <span class=\"meta-nav\">&rarr;<\/span><\/a><\/p>\n","protected":false},"author":3,"featured_media":0,"comment_status":"closed","ping_status":"closed","sticky":false,"template":"","format":"standard","meta":{"footnotes":""},"categories":[1],"tags":[],"class_list":["post-6252","post","type-post","status-publish","format-standard","hentry","category-qtc"],"_links":{"self":[{"href":"https:\/\/www.vfdb.org\/aktuell\/wp-json\/wp\/v2\/posts\/6252","targetHints":{"allow":["GET"]}}],"collection":[{"href":"https:\/\/www.vfdb.org\/aktuell\/wp-json\/wp\/v2\/posts"}],"about":[{"href":"https:\/\/www.vfdb.org\/aktuell\/wp-json\/wp\/v2\/types\/post"}],"author":[{"embeddable":true,"href":"https:\/\/www.vfdb.org\/aktuell\/wp-json\/wp\/v2\/users\/3"}],"replies":[{"embeddable":true,"href":"https:\/\/www.vfdb.org\/aktuell\/wp-json\/wp\/v2\/comments?post=6252"}],"version-history":[{"count":8,"href":"https:\/\/www.vfdb.org\/aktuell\/wp-json\/wp\/v2\/posts\/6252\/revisions"}],"predecessor-version":[{"id":6265,"href":"https:\/\/www.vfdb.org\/aktuell\/wp-json\/wp\/v2\/posts\/6252\/revisions\/6265"}],"wp:attachment":[{"href":"https:\/\/www.vfdb.org\/aktuell\/wp-json\/wp\/v2\/media?parent=6252"}],"wp:term":[{"taxonomy":"category","embeddable":true,"href":"https:\/\/www.vfdb.org\/aktuell\/wp-json\/wp\/v2\/categories?post=6252"},{"taxonomy":"post_tag","embeddable":true,"href":"https:\/\/www.vfdb.org\/aktuell\/wp-json\/wp\/v2\/tags?post=6252"}],"curies":[{"name":"wp","href":"https:\/\/api.w.org\/{rel}","templated":true}]}}