{"id":6547,"date":"2026-05-01T15:21:36","date_gmt":"2026-05-01T13:21:36","guid":{"rendered":"https:\/\/www.vfdb.org\/aktuell\/?p=6547"},"modified":"2026-04-28T07:29:26","modified_gmt":"2026-04-28T05:29:26","slug":"naechster-zulu-talk-am-montag-11-mai-20-uhr-lt","status":"publish","type":"post","link":"https:\/\/www.vfdb.org\/aktuell\/naechster-zulu-talk-am-montag-11-mai-20-uhr-lt\/","title":{"rendered":"N\u00e4chster Zulu-Talk am Montag, 11. Mai \u2013 20 Uhr LT"},"content":{"rendered":"<div class=\"wp-block-image\">\n<figure class=\"alignleft size-large is-resized\"><img loading=\"lazy\" decoding=\"async\" width=\"1024\" height=\"1024\" src=\"https:\/\/www.vfdb.org\/aktuell\/wp-content\/uploads\/2026\/05\/ZuluTalk-1024x1024.jpeg\" alt=\"\" class=\"wp-image-6586\" style=\"width:136px;height:auto\" srcset=\"https:\/\/www.vfdb.org\/aktuell\/wp-content\/uploads\/2026\/05\/ZuluTalk-1024x1024.jpeg 1024w, https:\/\/www.vfdb.org\/aktuell\/wp-content\/uploads\/2026\/05\/ZuluTalk-300x300.jpeg 300w, https:\/\/www.vfdb.org\/aktuell\/wp-content\/uploads\/2026\/05\/ZuluTalk-150x150.jpeg 150w, https:\/\/www.vfdb.org\/aktuell\/wp-content\/uploads\/2026\/05\/ZuluTalk-768x768.jpeg 768w, https:\/\/www.vfdb.org\/aktuell\/wp-content\/uploads\/2026\/05\/ZuluTalk.jpeg 1500w\" sizes=\"auto, (max-width: 1024px) 100vw, 1024px\" \/><\/figure>\n<\/div>\n\n\n<p>Es geht in den Sommer und die Urlaubszeit f\u00fcr einige Bundesl\u00e4nder steht vor der T\u00fcr.<br \/><a href=\"https:\/\/www.vfdb.org\/zulutalk\" target=\"_blank\" rel=\"noreferrer noopener\">https:\/\/www.vfdb.org\/zulutalk<\/a><br \/>direkt in den Konferenzraum (wenn dieser ge\u00f6ffnet ist &#8211; ab 19:30 Uhr). <br \/>Vergesst nicht, euren Namen, Call und wenn vorhanden den DOK einzutragen.<br \/>Dies ist zwingend n\u00f6tig wenn euere Teilnahme f\u00fcr den VFDB internen Wettbewerb VFDB-Aktiv z\u00e4hlen soll!<\/p>\n\n\n\n<p>Unsere geplanten Themen:<\/p>\n\n\n\n<ul class=\"wp-block-list\">\n<li>Neues Zulu Format in Planung &#8211; Gedankensammlung<\/li>\n\n\n\n<li>Hauptversammlung des VFDB e.V. in Erfurt<\/li>\n\n\n\n<li>FUNK.Tag Kassel Nachlese<\/li>\n<\/ul>\n\n\n\n<p>Hier auch noch die n\u00e4chste Termine f\u00fcr 2026:<\/p>\n\n\n\n<ul class=\"wp-block-list\">\n<li>23. Juni, 5. August, 17. September, 2. November und 15. Dezember<\/li>\n<\/ul>\n","protected":false},"excerpt":{"rendered":"<p>Es geht in den Sommer und die Urlaubszeit f\u00fcr einige Bundesl\u00e4nder steht vor der T\u00fcr.https:\/\/www.vfdb.org\/zulutalkdirekt in den Konferenzraum (wenn dieser ge\u00f6ffnet ist &#8211; ab 19:30 Uhr). Vergesst nicht, euren Namen, Call und wenn vorhanden den DOK einzutragen.Dies ist zwingend n\u00f6tig wenn euere Teilnahme f\u00fcr den VFDB internen Wettbewerb VFDB-Aktiv z\u00e4hlen soll! Unsere geplanten Themen: Hier&hellip; <a href=\"https:\/\/www.vfdb.org\/aktuell\/naechster-zulu-talk-am-montag-11-mai-20-uhr-lt\/\">Weiterlesen <span class=\"meta-nav\">&rarr;<\/span><\/a><\/p>\n","protected":false},"author":3,"featured_media":0,"comment_status":"closed","ping_status":"closed","sticky":false,"template":"","format":"standard","meta":{"footnotes":""},"categories":[1],"tags":[194],"class_list":["post-6547","post","type-post","status-publish","format-standard","hentry","category-qtc","tag-zulutalk"],"_links":{"self":[{"href":"https:\/\/www.vfdb.org\/aktuell\/wp-json\/wp\/v2\/posts\/6547","targetHints":{"allow":["GET"]}}],"collection":[{"href":"https:\/\/www.vfdb.org\/aktuell\/wp-json\/wp\/v2\/posts"}],"about":[{"href":"https:\/\/www.vfdb.org\/aktuell\/wp-json\/wp\/v2\/types\/post"}],"author":[{"embeddable":true,"href":"https:\/\/www.vfdb.org\/aktuell\/wp-json\/wp\/v2\/users\/3"}],"replies":[{"embeddable":true,"href":"https:\/\/www.vfdb.org\/aktuell\/wp-json\/wp\/v2\/comments?post=6547"}],"version-history":[{"count":9,"href":"https:\/\/www.vfdb.org\/aktuell\/wp-json\/wp\/v2\/posts\/6547\/revisions"}],"predecessor-version":[{"id":6591,"href":"https:\/\/www.vfdb.org\/aktuell\/wp-json\/wp\/v2\/posts\/6547\/revisions\/6591"}],"wp:attachment":[{"href":"https:\/\/www.vfdb.org\/aktuell\/wp-json\/wp\/v2\/media?parent=6547"}],"wp:term":[{"taxonomy":"category","embeddable":true,"href":"https:\/\/www.vfdb.org\/aktuell\/wp-json\/wp\/v2\/categories?post=6547"},{"taxonomy":"post_tag","embeddable":true,"href":"https:\/\/www.vfdb.org\/aktuell\/wp-json\/wp\/v2\/tags?post=6547"}],"curies":[{"name":"wp","href":"https:\/\/api.w.org\/{rel}","templated":true}]}}